{"id":76089,"date":"2021-05-19T17:31:53","date_gmt":"2021-05-19T20:31:53","guid":{"rendered":"https:\/\/tvtecjundiai.com.br\/news\/?p=76089"},"modified":"2021-05-19T17:42:40","modified_gmt":"2021-05-19T20:42:40","slug":"tecido-solidario-projeto-confeccionou-aventais-usados-por-profissionais-da-saude-1","status":"publish","type":"post","link":"https:\/\/tvtecjundiai.com.br\/news\/2021\/05\/19\/tecido-solidario-projeto-confeccionou-aventais-usados-por-profissionais-da-saude-1\/","title":{"rendered":"&#8216;Tecido Solid\u00e1rio&#8217; j\u00e1 confeccionou 10 mil aventais para profissionais de sa\u00fade de Jundia\u00ed"},"content":{"rendered":"\n<p>Voc\u00ea sabia que parte dos aventais usados como equipamento de prote\u00e7\u00e3o individual pelos profissionais da sa\u00fade que atuam na linha de frente ao combate da COVID-19 foi fruto do projeto Tecido Solid\u00e1rio?<\/p>\n\n\n\n<p>O projeto \u00e9 parte de uma a\u00e7\u00e3o que envolve a sociedade, organiza\u00e7\u00f5es e a administra\u00e7\u00e3o municipal de Jundia\u00ed. Realizado desde maio de 2020 nas unidades do SESC no estado de S\u00e3o Paulo, foi em fevereiro de 2021 que o projeto contou com a articula\u00e7\u00e3o da Rede Jundia\u00ed de Coopera\u00e7\u00e3o, vinculada \u00e0 Unidade de Gest\u00e3o de Governo e Finan\u00e7as (UGGF), o Fundo Social de Solidariedade de Jundia\u00ed (Funss) e a Unidade de Gest\u00e3o de Assist\u00eancia e Desenvolvimento Social (UGADS).<\/p>\n\n\n\n<div class=\"wp-block-image\"><figure class=\"aligncenter size-large\"><img loading=\"lazy\" decoding=\"async\" width=\"1200\" height=\"800\" src=\"https:\/\/tvtecjundiai.com.br\/news\/wp-content\/uploads\/sites\/2\/2021\/05\/tecido_marilena-1200x800.jpg\" alt=\"\" class=\"wp-image-76090\" srcset=\"https:\/\/tvtecjundiai.com.br\/news\/wp-content\/uploads\/sites\/2\/2021\/05\/tecido_marilena-1200x800.jpg 1200w, https:\/\/tvtecjundiai.com.br\/news\/wp-content\/uploads\/sites\/2\/2021\/05\/tecido_marilena-300x200.jpg 300w, https:\/\/tvtecjundiai.com.br\/news\/wp-content\/uploads\/sites\/2\/2021\/05\/tecido_marilena-768x512.jpg 768w, https:\/\/tvtecjundiai.com.br\/news\/wp-content\/uploads\/sites\/2\/2021\/05\/tecido_marilena.jpg 1280w\" sizes=\"auto, (max-width: 1200px) 100vw, 1200px\" \/><figcaption>Marilena foi uma das que participaram da capacita\u00e7\u00e3o <\/figcaption><\/figure><\/div>\n\n\n\n<p>Ao todo o projeto custeou 10 mil aventais com materiais vindos de doa\u00e7\u00e3o, de v\u00e1rias empresas. O projeto tamb\u00e9m beneficiou fam\u00edlias com gera\u00e7\u00e3o de renda, j\u00e1 que moradoras do Jardim Fepasa foram capacitadas para trabalharem no projeto. A partir da costura destes aventais, as mulheres puderam gerar renda para suas fam\u00edlias e tamb\u00e9m conseguiram a forma\u00e7\u00e3o como costureiras.<\/p>\n\n\n\n<p>O material utilizado para a costura \u00e9 proveniente de doa\u00e7\u00e3o feita pelas empresas Construtora Santa Angela, Lili, Legado, Sapiens, Carpe Dien e Manf, todas do Grupo Benassi, e j\u00e1 foi cortado, em forma de avental, pela empresa Liz. O transporte do TNT doado at\u00e9 Jundia\u00ed foi realizado, tamb\u00e9m como doa\u00e7\u00e3o, pela empresa Tombini &amp; Cia Ltda.<\/p>\n\n\n\n<p><em>(Texto: TVTEC\/Imagem: Prefeitura de Jundia\u00ed)<\/em><\/p>\n\n\n\n<figure class=\"wp-block-embed is-type-video is-provider-youtube wp-block-embed-youtube wp-embed-aspect-16-9 wp-has-aspect-ratio\"><div class=\"wp-block-embed__wrapper\">\n<iframe loading=\"lazy\" title=\"Projeto Tecido Solid\u00e1rio\" width=\"500\" height=\"281\" src=\"https:\/\/www.youtube.com\/embed\/U2C5zlSZSMg?feature=oembed\" frameborder=\"0\" allow=\"accelerometer; autoplay; clipboard-write; encrypted-media; gyroscope; picture-in-picture; web-share\" referrerpolicy=\"strict-origin-when-cross-origin\" allowfullscreen><\/iframe>\n<\/div><\/figure>\n","protected":false},"excerpt":{"rendered":"<p>Al\u00e9m disso, o projeto tamb\u00e9m beneficiou moradoras do Jardim Fepasa que foram capacitadas <\/p>\n","protected":false},"author":28,"featured_media":76090,"comment_status":"closed","ping_status":"closed","sticky":false,"template":"","format":"standard","meta":{"footnotes":""},"categories":[8356,1],"tags":[],"class_list":["post-76089","post","type-post","status-publish","format-standard","has-post-thumbnail","hentry","category-jundiai","category-noticias"],"_links":{"self":[{"href":"https:\/\/tvtecjundiai.com.br\/news\/wp-json\/wp\/v2\/posts\/76089","targetHints":{"allow":["GET"]}}],"collection":[{"href":"https:\/\/tvtecjundiai.com.br\/news\/wp-json\/wp\/v2\/posts"}],"about":[{"href":"https:\/\/tvtecjundiai.com.br\/news\/wp-json\/wp\/v2\/types\/post"}],"author":[{"embeddable":true,"href":"https:\/\/tvtecjundiai.com.br\/news\/wp-json\/wp\/v2\/users\/28"}],"replies":[{"embeddable":true,"href":"https:\/\/tvtecjundiai.com.br\/news\/wp-json\/wp\/v2\/comments?post=76089"}],"version-history":[{"count":3,"href":"https:\/\/tvtecjundiai.com.br\/news\/wp-json\/wp\/v2\/posts\/76089\/revisions"}],"predecessor-version":[{"id":76096,"href":"https:\/\/tvtecjundiai.com.br\/news\/wp-json\/wp\/v2\/posts\/76089\/revisions\/76096"}],"wp:featuredmedia":[{"embeddable":true,"href":"https:\/\/tvtecjundiai.com.br\/news\/wp-json\/wp\/v2\/media\/76090"}],"wp:attachment":[{"href":"https:\/\/tvtecjundiai.com.br\/news\/wp-json\/wp\/v2\/media?parent=76089"}],"wp:term":[{"taxonomy":"category","embeddable":true,"href":"https:\/\/tvtecjundiai.com.br\/news\/wp-json\/wp\/v2\/categories?post=76089"},{"taxonomy":"post_tag","embeddable":true,"href":"https:\/\/tvtecjundiai.com.br\/news\/wp-json\/wp\/v2\/tags?post=76089"}],"curies":[{"name":"wp","href":"https:\/\/api.w.org\/{rel}","templated":true}]}}