{"id":76092,"date":"2021-05-19T17:40:00","date_gmt":"2021-05-19T20:40:00","guid":{"rendered":"https:\/\/tvtecjundiai.com.br\/news\/?p=76092"},"modified":"2021-05-19T17:40:00","modified_gmt":"2021-05-19T20:40:00","slug":"novos-empregos-rede-atacadista-fara-investimento-em-jundiai","status":"publish","type":"post","link":"https:\/\/tvtecjundiai.com.br\/news\/2021\/05\/19\/novos-empregos-rede-atacadista-fara-investimento-em-jundiai\/","title":{"rendered":"Novos empregos: rede atacadista far\u00e1 investimento em Jundia\u00ed"},"content":{"rendered":"\n<p>Atra\u00eddos pelos diferencias econ\u00f4micos e de qualidade de vida registrados em Jundia\u00ed, o Grupo Pereira, detentor da rede Fort Atacadista, anuncia investimento de R$ 70 milh\u00f5es em Jundia\u00ed com a constru\u00e7\u00e3o de um ponto de venda na regi\u00e3o da Ponte S\u00e3o Jo\u00e3o. Representantes do grupo foram recebidos pelo Prefeito Luiz Fernando Machado e gestores da administra\u00e7\u00e3o municipal, na manh\u00e3 desta quarta-feira (19), para apresenta\u00e7\u00e3o do projeto.<\/p>\n\n\n\n<p>\u201cJundia\u00ed \u00e9 a s\u00e9tima economia paulista, 17\u00aa do Pa\u00eds e com renda per capita 220% maior que a m\u00e9dia nacional. \u00c9 uma cidade diferenciada, com qualidade de vida e adjetivos econ\u00f4micos que a colocam como um dos tr\u00eas melhores destinos para investimento na Am\u00e9rica Latina segundo publica\u00e7\u00e3o da Financial Times. Receber investidores que est\u00e3o interessados em oferecer emprego e renda \u00e9 colaborar com o nosso foco: dar protagonismo \u00e0s pessoas\u201d, comenta o prefeito Luiz Fernando Machado, durante encontro.<\/p>\n\n\n\n<p>De acordo com o vice-presidente do grupo, Jo\u00e3o Pereira, a expans\u00e3o da rede come\u00e7a no estado de S\u00e3o Paulo por Jundia\u00ed. \u201cIdentificamos uma cidade com qualidades e com gest\u00e3o eficiente. Estamos em um momento de expans\u00e3o. Jundia\u00ed ser\u00e1 a primeira cidade paulista a ter uma unidade Fort Atacadista\u201d, detalha o executivo, que administra o neg\u00f3cio com 16 mil funcion\u00e1rios, 90 unidades em quatro estados al\u00e9m do Distrito Federal.<\/p>\n\n\n\n<figure class=\"wp-block-image size-large\"><img loading=\"lazy\" decoding=\"async\" width=\"1200\" height=\"800\" src=\"https:\/\/tvtecjundiai.com.br\/news\/wp-content\/uploads\/sites\/2\/2021\/05\/reuniao_gabinete_fort_atacadista-35-1200x800.jpg\" alt=\"\" class=\"wp-image-76093\" srcset=\"https:\/\/tvtecjundiai.com.br\/news\/wp-content\/uploads\/sites\/2\/2021\/05\/reuniao_gabinete_fort_atacadista-35-1200x800.jpg 1200w, https:\/\/tvtecjundiai.com.br\/news\/wp-content\/uploads\/sites\/2\/2021\/05\/reuniao_gabinete_fort_atacadista-35-300x200.jpg 300w, https:\/\/tvtecjundiai.com.br\/news\/wp-content\/uploads\/sites\/2\/2021\/05\/reuniao_gabinete_fort_atacadista-35-768x512.jpg 768w, https:\/\/tvtecjundiai.com.br\/news\/wp-content\/uploads\/sites\/2\/2021\/05\/reuniao_gabinete_fort_atacadista-35.jpg 1280w\" sizes=\"auto, (max-width: 1200px) 100vw, 1200px\" \/><figcaption>Apresenta\u00e7\u00e3o do projeto da nova unidade da rede Fort Atacadista aconteceu na manh\u00e3 desta quarta-feira (19)<\/figcaption><\/figure>\n\n\n\n<p>O gerente nacional de expans\u00e3o do Grupo Pereira, Cristian Caron, detalhou a unidade jundiaiense durante a reuni\u00e3o. \u201cAs obras ser\u00e3o iniciadas at\u00e9 agosto pr\u00f3ximo e a inaugura\u00e7\u00e3o ser\u00e1 dar\u00e1 entre seis a oito meses ap\u00f3s do in\u00edcio da constru\u00e7\u00e3o. Ao todo, entre aquisi\u00e7\u00e3o do terreno e constru\u00e7\u00e3o, o investimento ser\u00e1 de R$ 70 milh\u00f5es. A unidade ter\u00e1 12 mil metros quadrados de constru\u00e7\u00e3o, sendo 6 mil de \u00e1rea de vendas. Ser\u00e1 uma das maiores unidades da rede\u201d, completou o gerente, informando que ser\u00e3o gerados 300 empregos diretos e 200 indiretos.<\/p>\n\n\n\n<p>Para o gestor da UGGF, Jos\u00e9 Antonio Parimoschi, o retorno de uma gest\u00e3o eficiente \u00e9 o interesse dos investidores em se instalar na cidade. \u201cJundia\u00ed tem administra\u00e7\u00e3o austera, direcionada para a inova\u00e7\u00e3o e atrelada aos Objetivos de Desenvolvimento Social (ODS) da Organiza\u00e7\u00e3o das Na\u00e7\u00f5es Unidas (ONU). A efici\u00eancia e a qualidade dos servi\u00e7os p\u00fablicos oferecidos e o foco para o desenvolvimento de um ecossistema inovador, permitem \u00e0 Jundia\u00ed se destacar para os investidores, gerar emprego e renda para a popula\u00e7\u00e3o\u201d, explicou.<\/p>\n\n\n\n<p>O encontro contou com a participa\u00e7\u00e3o dos gestores das Unidades de Gest\u00e3o (UGs) Governo e Finan\u00e7as (UGGF), Jos\u00e9 Antonio Parimoschi, Casa Civil (UGCC), Gustavo Leopoldo Caserta Maryssael de Campos, Desenvolvimento Econ\u00f4mico, Ci\u00eancia e Tecnologia (UGDECT), Cristiano Lopes, Planejamento Urbano e Meio Ambiente (UGPUMA) Sin\u00e9sio Scarabello Filho, al\u00e9m de diretores das unidades.<\/p>\n\n\n\n<p><em>(Texto\/Imagem: Prefeitura de Jundia\u00ed)<\/em><\/p>\n","protected":false},"excerpt":{"rendered":"<p>Grupo Pereira, detentor da rede Fort Atacadista, anuncia investimento de R$ 70 milh\u00f5es na cidade<\/p>\n","protected":false},"author":28,"featured_media":76093,"comment_status":"closed","ping_status":"closed","sticky":false,"template":"","format":"standard","meta":{"footnotes":""},"categories":[8356,1],"tags":[],"class_list":["post-76092","post","type-post","status-publish","format-standard","has-post-thumbnail","hentry","category-jundiai","category-noticias"],"_links":{"self":[{"href":"https:\/\/tvtecjundiai.com.br\/news\/wp-json\/wp\/v2\/posts\/76092","targetHints":{"allow":["GET"]}}],"collection":[{"href":"https:\/\/tvtecjundiai.com.br\/news\/wp-json\/wp\/v2\/posts"}],"about":[{"href":"https:\/\/tvtecjundiai.com.br\/news\/wp-json\/wp\/v2\/types\/post"}],"author":[{"embeddable":true,"href":"https:\/\/tvtecjundiai.com.br\/news\/wp-json\/wp\/v2\/users\/28"}],"replies":[{"embeddable":true,"href":"https:\/\/tvtecjundiai.com.br\/news\/wp-json\/wp\/v2\/comments?post=76092"}],"version-history":[{"count":1,"href":"https:\/\/tvtecjundiai.com.br\/news\/wp-json\/wp\/v2\/posts\/76092\/revisions"}],"predecessor-version":[{"id":76094,"href":"https:\/\/tvtecjundiai.com.br\/news\/wp-json\/wp\/v2\/posts\/76092\/revisions\/76094"}],"wp:featuredmedia":[{"embeddable":true,"href":"https:\/\/tvtecjundiai.com.br\/news\/wp-json\/wp\/v2\/media\/76093"}],"wp:attachment":[{"href":"https:\/\/tvtecjundiai.com.br\/news\/wp-json\/wp\/v2\/media?parent=76092"}],"wp:term":[{"taxonomy":"category","embeddable":true,"href":"https:\/\/tvtecjundiai.com.br\/news\/wp-json\/wp\/v2\/categories?post=76092"},{"taxonomy":"post_tag","embeddable":true,"href":"https:\/\/tvtecjundiai.com.br\/news\/wp-json\/wp\/v2\/tags?post=76092"}],"curies":[{"name":"wp","href":"https:\/\/api.w.org\/{rel}","templated":true}]}}