{"id":76097,"date":"2021-05-19T18:45:40","date_gmt":"2021-05-19T21:45:40","guid":{"rendered":"https:\/\/tvtecjundiai.com.br\/news\/?p=76097"},"modified":"2021-05-19T18:45:40","modified_gmt":"2021-05-19T21:45:40","slug":"gestor-da-saude-de-jundiai-responde-duvidas-da-populacao-sobre-a-covid-19","status":"publish","type":"post","link":"https:\/\/tvtecjundiai.com.br\/news\/2021\/05\/19\/gestor-da-saude-de-jundiai-responde-duvidas-da-populacao-sobre-a-covid-19\/","title":{"rendered":"Gestor da Sa\u00fade de Jundia\u00ed responde d\u00favidas da popula\u00e7\u00e3o sobre a COVID-19"},"content":{"rendered":"\n<p>Durante o Boletim TVTEC transmitido na tarde desta quarta-feira (19), os seguidores do programa puderam enviar perguntas referentes \u00e0 vacina\u00e7\u00e3o e \u00e0 COVID-19 para serem respondidas pelo gestor de Sa\u00fade da Prefeitura de Jundia\u00ed, Tiago Texera.<\/p>\n\n\n\n<p>A primeira a enviar a pergunta foi dona Laurinda que questionou o porqu\u00ea das vacinas contra a COVID-19 demorarem tanto para serem aplicadas na popula\u00e7\u00e3o. \u201cIsso \u00e9 responsabilidade de quem?\u201d, questionou.<\/p>\n\n\n\n<p>Texera informou que o munic\u00edpio de Jundia\u00ed n\u00e3o fabrica as vacinas, apenas recebe, diferente do Estado de S\u00e3o Paulo, que fabrica, mas apenas para venda para a Uni\u00e3o. \u201cEnt\u00e3o a Uni\u00e3o compra a vacina de fora do Brasil e compra de dentro do Brasil. Mas ela tem raz\u00e3o, o Brasil vacina a marcha lenta porque tem poucas doses, seja porque n\u00e3o conseguiu comprar, seja porque ainda produz pouco\u201d, explica.<\/p>\n\n\n\n<p>A segunda pergunta veio da Rosane, que tem 48 anos e queria saber quando ser\u00e1 vacinada. O gestor lembrou que para quem tem 45 anos ou mais e possui comorbidades, o Estado de S\u00e3o Paulo divulgou em seu calend\u00e1rio a vacina\u00e7\u00e3o a partir de 21 de maio. Por\u00e9m, para as pessoas nessa faixa et\u00e1ria que n\u00e3o possuem comorbidades, ainda n\u00e3o h\u00e1 calend\u00e1rio divulgado.<\/p>\n\n\n\n<p>Por \u00faltimo, dona Luzia questionou se \u00e9 normal a segunda dose da vacina dar rea\u00e7\u00e3o. \u201cSim, \u00e9 normal. A vacina da AstraZeneca tem um pouco mais de rea\u00e7\u00e3o do que a Coronavac, como dor no local, febre, dor de cabe\u00e7a. Mas n\u00e3o tenha medo de tomar a vacina por isso\u201d, orientou.<\/p>\n\n\n\n<p>(Texto\/Imagem: TVTEC)<\/p>\n","protected":false},"excerpt":{"rendered":"<p>Perguntas foram enviadas por seguidores ao Boletim TVTEC<\/p>\n","protected":false},"author":28,"featured_media":76098,"comment_status":"closed","ping_status":"closed","sticky":false,"template":"","format":"standard","meta":{"footnotes":""},"categories":[8356,1],"tags":[],"class_list":["post-76097","post","type-post","status-publish","format-standard","has-post-thumbnail","hentry","category-jundiai","category-noticias"],"_links":{"self":[{"href":"https:\/\/tvtecjundiai.com.br\/news\/wp-json\/wp\/v2\/posts\/76097","targetHints":{"allow":["GET"]}}],"collection":[{"href":"https:\/\/tvtecjundiai.com.br\/news\/wp-json\/wp\/v2\/posts"}],"about":[{"href":"https:\/\/tvtecjundiai.com.br\/news\/wp-json\/wp\/v2\/types\/post"}],"author":[{"embeddable":true,"href":"https:\/\/tvtecjundiai.com.br\/news\/wp-json\/wp\/v2\/users\/28"}],"replies":[{"embeddable":true,"href":"https:\/\/tvtecjundiai.com.br\/news\/wp-json\/wp\/v2\/comments?post=76097"}],"version-history":[{"count":1,"href":"https:\/\/tvtecjundiai.com.br\/news\/wp-json\/wp\/v2\/posts\/76097\/revisions"}],"predecessor-version":[{"id":76099,"href":"https:\/\/tvtecjundiai.com.br\/news\/wp-json\/wp\/v2\/posts\/76097\/revisions\/76099"}],"wp:featuredmedia":[{"embeddable":true,"href":"https:\/\/tvtecjundiai.com.br\/news\/wp-json\/wp\/v2\/media\/76098"}],"wp:attachment":[{"href":"https:\/\/tvtecjundiai.com.br\/news\/wp-json\/wp\/v2\/media?parent=76097"}],"wp:term":[{"taxonomy":"category","embeddable":true,"href":"https:\/\/tvtecjundiai.com.br\/news\/wp-json\/wp\/v2\/categories?post=76097"},{"taxonomy":"post_tag","embeddable":true,"href":"https:\/\/tvtecjundiai.com.br\/news\/wp-json\/wp\/v2\/tags?post=76097"}],"curies":[{"name":"wp","href":"https:\/\/api.w.org\/{rel}","templated":true}]}}