{"id":76105,"date":"2021-05-20T09:36:37","date_gmt":"2021-05-20T12:36:37","guid":{"rendered":"https:\/\/tvtecjundiai.com.br\/news\/?p=76105"},"modified":"2021-05-20T09:36:37","modified_gmt":"2021-05-20T12:36:37","slug":"governo-de-sp-concluira-vacinacao-de-pessoas-com-deficiencia-e-comorbidades-em-junho","status":"publish","type":"post","link":"https:\/\/tvtecjundiai.com.br\/news\/2021\/05\/20\/governo-de-sp-concluira-vacinacao-de-pessoas-com-deficiencia-e-comorbidades-em-junho\/","title":{"rendered":"Governo de SP concluir\u00e1 vacina\u00e7\u00e3o de pessoas com defici\u00eancia e comorbidades em junho"},"content":{"rendered":"\n<p>O Governador Jo\u00e3o Doria anunciou, nesta quarta-feira (19), que o Estado de S\u00e3o Paulo concluir\u00e1 em junho a vacina\u00e7\u00e3o contra a COVID-19 das pessoas com defici\u00eancias e comorbidades. O Estado projetou para julho o in\u00edcio da imuniza\u00e7\u00e3o das pessoas de 55 a 59 anos e dos profissionais da educa\u00e7\u00e3o de 18 a 46 anos, para a retomada das atividades presenciais em sala de aula no segundo semestre.<\/p>\n\n\n\n<p>\u201cEm junho, o Governo de S\u00e3o Paulo vai vacinar plenamente todas as pessoas com comorbidade e defici\u00eancia no Estado de S\u00e3o Paulo\u201d, refor\u00e7ou Doria. Para julho, a efetividade desse cronograma depender\u00e1 do envio de quantitativos de vacina pelo Minist\u00e9rio da Sa\u00fade para o prosseguimento do PEI (Plano Estadual de Imuniza\u00e7\u00e3o).<\/p>\n\n\n\n<p>O Governo de S\u00e3o Paulo tamb\u00e9m vai ampliar a vacina\u00e7\u00e3o para pessoas com comorbidades e pessoas com defici\u00eancia permanente (BPC) de 40 a 44 anos de idade. Este grupo come\u00e7a a ser imunizado a partir do dia 28 de maio, com p\u00fablico estimado de 760 mil pessoas.<\/p>\n\n\n\n<p>Pelo PNI (Plano Nacional de Imuniza\u00e7\u00f5es), ser\u00e3o vacinadas as pessoas com comorbidades de 40 a 59 anos com as seguintes doen\u00e7as cardiovasculares: insufici\u00eancia card\u00edaca; cor-pulmonale e hipertens\u00e3o pulmonar; cardiopatia hipertensiva; s\u00edndrome coronarianas; valvopatias, miocardiopatias e pericardiopatias; doen\u00e7a da aorta, dos grandes vasos e fistulas arteriovenosas; arritmias card\u00edacas; cardiopatias cong\u00eanitas no adulto; e pr\u00f3teses valvares e dispositivos card\u00edacos implantados.<\/p>\n\n\n\n<div class=\"wp-block-image\"><figure class=\"aligncenter size-large\"><img loading=\"lazy\" decoding=\"async\" width=\"1200\" height=\"800\" src=\"https:\/\/tvtecjundiai.com.br\/news\/wp-content\/uploads\/sites\/2\/2021\/05\/51164887372_0e30716174_o-1200x800.jpg\" alt=\"\" class=\"wp-image-76106\" srcset=\"https:\/\/tvtecjundiai.com.br\/news\/wp-content\/uploads\/sites\/2\/2021\/05\/51164887372_0e30716174_o-1200x800.jpg 1200w, https:\/\/tvtecjundiai.com.br\/news\/wp-content\/uploads\/sites\/2\/2021\/05\/51164887372_0e30716174_o-300x200.jpg 300w, https:\/\/tvtecjundiai.com.br\/news\/wp-content\/uploads\/sites\/2\/2021\/05\/51164887372_0e30716174_o-768x512.jpg 768w, https:\/\/tvtecjundiai.com.br\/news\/wp-content\/uploads\/sites\/2\/2021\/05\/51164887372_0e30716174_o.jpg 1280w\" sizes=\"auto, (max-width: 1200px) 100vw, 1200px\" \/><\/figure><\/div>\n\n\n\n<p>Ainda para as pessoas com comorbidades de 40 a 59 anos, s\u00e3o enquadradas com doen\u00e7as cr\u00f4nicas: doen\u00e7as cr\u00f4nicas; diabetes mellitus; pneumopatias cr\u00f4nicas graves; hipertens\u00e3o arterial resistente; hipertens\u00e3o art\u00e9ria est\u00e1gio 3; hipertens\u00e3o est\u00e1gios 1 e 2 com les\u00e3o e \u00f3rg\u00e3o alvo; doen\u00e7a cerebrovascular; doen\u00e7a renal cr\u00f4nica; imunossuprimidos (incluindo pacientes oncol\u00f3gicos); anemia falciforme; obesidade m\u00f3rbida; cirrose hep\u00e1tica; e HIV.<\/p>\n\n\n\n<p>Ao comparecer ao posto de sa\u00fade, qualquer pessoa com comorbidades e que faz parte das faixas et\u00e1rias j\u00e1 anunciadas deve apresentar comprovante da condi\u00e7\u00e3o de risco por meio de exames, receitas, relat\u00f3rio ou prescri\u00e7\u00e3o m\u00e9dica. Os cadastros previamente existentes em Unidades B\u00e1sicas de Sa\u00fade (UBS) tamb\u00e9m podem ser utilizados.<\/p>\n\n\n\n<p>J\u00e1 as pessoas com defici\u00eancia permanente precisam apresentar o comprovante do recebimento do Benef\u00edcio de Presta\u00e7\u00e3o Continuada da Assist\u00eancia Social (BPC).<\/p>\n\n\n\n<p>No m\u00eas de junho, o Governo de S\u00e3o Paulo vai concluir a vacina\u00e7\u00e3o de todas as pessoas com comorbidades e com defici\u00eancia entre 18 e 39 anos de idade. O calend\u00e1rio com a data de in\u00edcio de vacina\u00e7\u00e3o para cada grupo destas faixas et\u00e1rias ser\u00e1 divulgado nos pr\u00f3ximos dias, levando em considera\u00e7\u00e3o as entregas de vacinas do Minist\u00e9rio da Sa\u00fade.<\/p>\n\n\n\n<p>De 1 a 20 de julho, o Governo do Estado pretende vacinar pessoas de 55 a 59 anos, e de 21 a 31 de julho, imunizar os profissionais da educa\u00e7\u00e3o de 18 a 46 anos, com 1,7 milh\u00e3o de pessoas estimadas desse p\u00fablico em todo o Estado.<\/p>\n\n\n\n<p>\u201cPara que esse cronograma seja seguido, precisamos que o Minist\u00e9rio da Sa\u00fade cumpra o seu calend\u00e1rio vacinal. Precisamos de ritmo de vacina\u00e7\u00e3o e esse ritmo de vacina\u00e7\u00e3o depende da compra de mais vacinas e da chegada de mais vacinas\u201d, afirmou a Coordenadora Geral do Plano Estadual de Imuniza\u00e7\u00e3o, Regiane de Paula.<\/p>\n\n\n\n<p>Regiane tamb\u00e9m ressaltou que a Secretaria de Estado da Sa\u00fade aguarda a sinaliza\u00e7\u00e3o do Minist\u00e9rio da Sa\u00fade para vacinar todas as gestantes sem comorbidades no Estado de S\u00e3o Paulo.<\/p>\n\n\n\n<p><em>(Fonte: Governo de SP\/Imagem: Prefeitura de Jundia\u00ed)<\/em><\/p>\n","protected":false},"excerpt":{"rendered":"<p>Estado iniciar\u00e1 dia 28 de maio a imuniza\u00e7\u00e3o das pessoas de 40 a 44 anos com comorbidades e defici\u00eancias<\/p>\n","protected":false},"author":25,"featured_media":76106,"comment_status":"closed","ping_status":"closed","sticky":false,"template":"","format":"standard","meta":{"footnotes":""},"categories":[1,2839],"tags":[],"class_list":["post-76105","post","type-post","status-publish","format-standard","has-post-thumbnail","hentry","category-noticias","category-saude"],"_links":{"self":[{"href":"https:\/\/tvtecjundiai.com.br\/news\/wp-json\/wp\/v2\/posts\/76105","targetHints":{"allow":["GET"]}}],"collection":[{"href":"https:\/\/tvtecjundiai.com.br\/news\/wp-json\/wp\/v2\/posts"}],"about":[{"href":"https:\/\/tvtecjundiai.com.br\/news\/wp-json\/wp\/v2\/types\/post"}],"author":[{"embeddable":true,"href":"https:\/\/tvtecjundiai.com.br\/news\/wp-json\/wp\/v2\/users\/25"}],"replies":[{"embeddable":true,"href":"https:\/\/tvtecjundiai.com.br\/news\/wp-json\/wp\/v2\/comments?post=76105"}],"version-history":[{"count":1,"href":"https:\/\/tvtecjundiai.com.br\/news\/wp-json\/wp\/v2\/posts\/76105\/revisions"}],"predecessor-version":[{"id":76107,"href":"https:\/\/tvtecjundiai.com.br\/news\/wp-json\/wp\/v2\/posts\/76105\/revisions\/76107"}],"wp:featuredmedia":[{"embeddable":true,"href":"https:\/\/tvtecjundiai.com.br\/news\/wp-json\/wp\/v2\/media\/76106"}],"wp:attachment":[{"href":"https:\/\/tvtecjundiai.com.br\/news\/wp-json\/wp\/v2\/media?parent=76105"}],"wp:term":[{"taxonomy":"category","embeddable":true,"href":"https:\/\/tvtecjundiai.com.br\/news\/wp-json\/wp\/v2\/categories?post=76105"},{"taxonomy":"post_tag","embeddable":true,"href":"https:\/\/tvtecjundiai.com.br\/news\/wp-json\/wp\/v2\/tags?post=76105"}],"curies":[{"name":"wp","href":"https:\/\/api.w.org\/{rel}","templated":true}]}}