{"id":76108,"date":"2021-05-20T10:34:40","date_gmt":"2021-05-20T13:34:40","guid":{"rendered":"https:\/\/tvtecjundiai.com.br\/news\/?p=76108"},"modified":"2021-05-20T10:35:24","modified_gmt":"2021-05-20T13:35:24","slug":"sp-isenta-icms-de-medicamentos-para-tratar-para-cancer-aids-e-dialise-1","status":"publish","type":"post","link":"https:\/\/tvtecjundiai.com.br\/news\/2021\/05\/20\/sp-isenta-icms-de-medicamentos-para-tratar-para-cancer-aids-e-dialise-1\/","title":{"rendered":"SP isenta ICMS de medicamentos para tratar c\u00e2ncer, aids e di\u00e1lise"},"content":{"rendered":"\n<p>O governador de S\u00e3o Paulo, Jo\u00e3o Doria (PSDB), anunciou nesta segunda-feira (17) a isen\u00e7\u00e3o do pagamento de ICMS (Imposto sobre Circula\u00e7\u00e3o de Mercadorias e Servi\u00e7os) de medicamentos utilizados nos tratamentos de di\u00e1lise, Aids e c\u00e2ncer.<\/p>\n\n\n\n<p>Sedungo Doria, a medida amplia a aten\u00e7\u00e3o \u00e0 sa\u00fade, pois havia assegurado o regime privilegiado do tributo a rem\u00e9dios da cesta b\u00e1sica, medicamentos gen\u00e9ricos e para compras de insumos de hospitais p\u00fablicos, Santas Casas e rede de atendimento do SUS (Sistema \u00danico de Sa\u00fade).<\/p>\n\n\n\n<div class=\"wp-block-image\"><figure class=\"aligncenter size-large\"><img loading=\"lazy\" decoding=\"async\" width=\"680\" height=\"453\" src=\"https:\/\/tvtecjundiai.com.br\/news\/wp-content\/uploads\/sites\/2\/2021\/05\/16843_anvisa_comp_apetite.jpeg\" alt=\"\" class=\"wp-image-76109\" srcset=\"https:\/\/tvtecjundiai.com.br\/news\/wp-content\/uploads\/sites\/2\/2021\/05\/16843_anvisa_comp_apetite.jpeg 680w, https:\/\/tvtecjundiai.com.br\/news\/wp-content\/uploads\/sites\/2\/2021\/05\/16843_anvisa_comp_apetite-300x200.jpeg 300w\" sizes=\"auto, (max-width: 680px) 100vw, 680px\" \/><\/figure><\/div>\n\n\n\n<p>&#8220;Com o ajuste fiscal promovido pelo Governo e a melhora na arrecada\u00e7\u00e3o do Estado, \u00e9 poss\u00edvel termos os benef\u00edcios fiscais para a \u00e1rea da sa\u00fade, que \u00e9 priorit\u00e1ria para n\u00f3s. J\u00e1 hav\u00edamos afirmado que toda e qualquer revis\u00e3o dos benef\u00edcios seria analisada caso a caso e promovida quando o governo pudesse&#8221;, justifica o governador paulista.<\/p>\n\n\n\n<p>Em comunicado remetido \u00e0 Alesp (Assembleia Legislativa de S\u00e3o Paulo) no \u00falimo dia 7 de maio, o governo estadual tamb\u00e9m estendeu a isen\u00e7\u00e3o do ICMS para a aquisi\u00e7\u00e3o de equipamentos e insumos destinados \u00e0s entidades beneficentes, assistenciais hospitalares e funda\u00e7\u00f5es privadas que atendem hospitais p\u00fablicos.<\/p>\n\n\n\n<p>O comunicado enviado ao palamento paulista obedece a lei 17.293\/20, referente ao ajuste fiscal, que prev\u00ea que novos benef\u00edcios fiscais e financeiros-fiscais s\u00f3 ser\u00e3o concedidos ap\u00f3s manifesta\u00e7\u00e3o do Poder Legislativo.<\/p>\n\n\n\n<p><em>(Fonte: Governo de SP\/Imagem: Veja)<\/em><\/p>\n","protected":false},"excerpt":{"rendered":"<p>Segundo estado, benef\u00edcio abrange aquisi\u00e7\u00e3o de equipamentos e insumos destinados a hospitais p\u00fablicos e entidades<\/p>\n","protected":false},"author":25,"featured_media":76109,"comment_status":"closed","ping_status":"closed","sticky":false,"template":"","format":"standard","meta":{"footnotes":""},"categories":[1,2839],"tags":[],"class_list":["post-76108","post","type-post","status-publish","format-standard","has-post-thumbnail","hentry","category-noticias","category-saude"],"_links":{"self":[{"href":"https:\/\/tvtecjundiai.com.br\/news\/wp-json\/wp\/v2\/posts\/76108","targetHints":{"allow":["GET"]}}],"collection":[{"href":"https:\/\/tvtecjundiai.com.br\/news\/wp-json\/wp\/v2\/posts"}],"about":[{"href":"https:\/\/tvtecjundiai.com.br\/news\/wp-json\/wp\/v2\/types\/post"}],"author":[{"embeddable":true,"href":"https:\/\/tvtecjundiai.com.br\/news\/wp-json\/wp\/v2\/users\/25"}],"replies":[{"embeddable":true,"href":"https:\/\/tvtecjundiai.com.br\/news\/wp-json\/wp\/v2\/comments?post=76108"}],"version-history":[{"count":2,"href":"https:\/\/tvtecjundiai.com.br\/news\/wp-json\/wp\/v2\/posts\/76108\/revisions"}],"predecessor-version":[{"id":76111,"href":"https:\/\/tvtecjundiai.com.br\/news\/wp-json\/wp\/v2\/posts\/76108\/revisions\/76111"}],"wp:featuredmedia":[{"embeddable":true,"href":"https:\/\/tvtecjundiai.com.br\/news\/wp-json\/wp\/v2\/media\/76109"}],"wp:attachment":[{"href":"https:\/\/tvtecjundiai.com.br\/news\/wp-json\/wp\/v2\/media?parent=76108"}],"wp:term":[{"taxonomy":"category","embeddable":true,"href":"https:\/\/tvtecjundiai.com.br\/news\/wp-json\/wp\/v2\/categories?post=76108"},{"taxonomy":"post_tag","embeddable":true,"href":"https:\/\/tvtecjundiai.com.br\/news\/wp-json\/wp\/v2\/tags?post=76108"}],"curies":[{"name":"wp","href":"https:\/\/api.w.org\/{rel}","templated":true}]}}