{"id":76134,"date":"2021-05-20T15:04:01","date_gmt":"2021-05-20T18:04:01","guid":{"rendered":"https:\/\/tvtecjundiai.com.br\/news\/?p=76134"},"modified":"2021-05-20T15:04:01","modified_gmt":"2021-05-20T18:04:01","slug":"emeb-nassib-cury-no-fazenda-grande-ganha-quadra-com-cobertura","status":"publish","type":"post","link":"https:\/\/tvtecjundiai.com.br\/news\/2021\/05\/20\/emeb-nassib-cury-no-fazenda-grande-ganha-quadra-com-cobertura\/","title":{"rendered":"EMEB Nassib Cury, no Fazenda Grande, ganha quadra com cobertura"},"content":{"rendered":"\n<p>O aluno Ot\u00e1vio Santana Pucci, de 8 anos, aprovou a quadra e cobertura da EMEB Nassib Cury, no Fazenda Grande, e aproveitou para utilizar os novos equipamentos. \u201cEu adorei a quadra, porque eu adoro atividades esportivas\u201d, contou o menino que gosta de jogar futebol e v\u00f4lei.<\/p>\n\n\n\n<p>A EMEB Nassib Cury recebeu melhorias como a cobertura da quadra com estrutura e telhas met\u00e1licas, instala\u00e7\u00e3o de alambrados, equipamentos como tabela, trave e redes, al\u00e9m de demarca\u00e7\u00e3o de piso e nova pintura. As interven\u00e7\u00f5es foram realizadas com investimento de R$ 406 mil, financiamento do Finisa por meio do Programa Avan\u00e7a Jundia\u00ed e fazem parte do eixo de ambi\u00eancia escolar do programa Escola Inovadora, da Prefeitura de Jundia\u00ed.<\/p>\n\n\n\n<figure class=\"wp-block-image size-large\"><img loading=\"lazy\" decoding=\"async\" width=\"1200\" height=\"800\" src=\"https:\/\/tvtecjundiai.com.br\/news\/wp-content\/uploads\/sites\/2\/2021\/05\/visita_prefeito_emeb_nassib_cury-27-1200x800.jpg\" alt=\"\" class=\"wp-image-76135\" srcset=\"https:\/\/tvtecjundiai.com.br\/news\/wp-content\/uploads\/sites\/2\/2021\/05\/visita_prefeito_emeb_nassib_cury-27-1200x800.jpg 1200w, https:\/\/tvtecjundiai.com.br\/news\/wp-content\/uploads\/sites\/2\/2021\/05\/visita_prefeito_emeb_nassib_cury-27-300x200.jpg 300w, https:\/\/tvtecjundiai.com.br\/news\/wp-content\/uploads\/sites\/2\/2021\/05\/visita_prefeito_emeb_nassib_cury-27-768x512.jpg 768w, https:\/\/tvtecjundiai.com.br\/news\/wp-content\/uploads\/sites\/2\/2021\/05\/visita_prefeito_emeb_nassib_cury-27.jpg 1280w\" sizes=\"auto, (max-width: 1200px) 100vw, 1200px\" \/><figcaption>Ot\u00e1vio aprovou a nova cobertura e quadra da EMEB Nassib Cury<\/figcaption><\/figure>\n\n\n\n<p>O prefeito Luiz Fernando Machado visitou a escola que atende 641 alunos do 1\u00ba ao 5\u00ba ano do ensino fundamental. \u201cA quadra \u00e9 uma valoriza\u00e7\u00e3o da educa\u00e7\u00e3o, um equipamento que fortalece os v\u00ednculos da comunidade com a unidade escolar e que vai permitir a integra\u00e7\u00e3o das fam\u00edlias do Vetor Oeste, principalmente do Fazenda Grande, quando as atividades sociais puderem ser retomadas\u201d, afirma.&nbsp;<\/p>\n\n\n\n<p>Durante a visita do prefeito, as crian\u00e7as\u00a0 explicaram sobre o projeto da cria\u00e7\u00e3o das abelhas jata\u00ed, que n\u00e3o t\u00eam ferr\u00e3o e ficam pr\u00f3ximas \u00e0 horta da escola para ajudar na poliniza\u00e7\u00e3o das flores e cultivos. As atividades externas fazem parte do desemparedamento da inf\u00e2ncia.\u00a0<\/p>\n\n\n\n<figure class=\"wp-block-image size-large\"><img loading=\"lazy\" decoding=\"async\" width=\"1200\" height=\"800\" src=\"https:\/\/tvtecjundiai.com.br\/news\/wp-content\/uploads\/sites\/2\/2021\/05\/visita_prefeito_emeb_nassib_cury-323-1200x800.jpg\" alt=\"\" class=\"wp-image-76136\" srcset=\"https:\/\/tvtecjundiai.com.br\/news\/wp-content\/uploads\/sites\/2\/2021\/05\/visita_prefeito_emeb_nassib_cury-323-1200x800.jpg 1200w, https:\/\/tvtecjundiai.com.br\/news\/wp-content\/uploads\/sites\/2\/2021\/05\/visita_prefeito_emeb_nassib_cury-323-300x200.jpg 300w, https:\/\/tvtecjundiai.com.br\/news\/wp-content\/uploads\/sites\/2\/2021\/05\/visita_prefeito_emeb_nassib_cury-323-768x512.jpg 768w, https:\/\/tvtecjundiai.com.br\/news\/wp-content\/uploads\/sites\/2\/2021\/05\/visita_prefeito_emeb_nassib_cury-323.jpg 1280w\" sizes=\"auto, (max-width: 1200px) 100vw, 1200px\" \/><figcaption>Quadra recebeu cobertura e ser\u00e1 utilizada nas atividades de desemparedamento<\/figcaption><\/figure>\n\n\n\n<p>Com amplo espa\u00e7o interno, a quadra e nova cobertura ampliam as possibilidades de atividades ao ar livre, preconizadas pelo programa Escola Inovadora. \u201cNeste espa\u00e7o os alunos poder\u00e3o aprimorar a aprendizagem e desenvolver atividades f\u00edsicas adequadas a cada idade. As bolas de basquete, por exemplo, s\u00e3o adaptadas e mais leves para que possamos estimular o desenvolvimento das crian\u00e7as\u201d, lembra a gestora da Unidade de Educa\u00e7\u00e3o, Vast\u00ed Ferrari Marques.&nbsp;<\/p>\n\n\n\n<p>O vice-prefeito, Gustavo Martinelli, tamb\u00e9m acompanhou a visita e falou sobre a import\u00e2ncia do novo equipamento. \u201cA quadra ser\u00e1 mais uma op\u00e7\u00e3o para a pr\u00e1tica de atividades f\u00edsicas t\u00e3o importante para a sa\u00fade e a qualidade de vida. Al\u00e9m disso, uma escola bem cuidada e com espa\u00e7os adequados contribui para o melhor desenvolvimento das atividades pedag\u00f3gicas. E a comunidade tamb\u00e9m ganha um local de conviv\u00eancia\u201d, conclui.<\/p>\n\n\n\n<figure class=\"wp-block-image size-large\"><img loading=\"lazy\" decoding=\"async\" width=\"1200\" height=\"800\" src=\"https:\/\/tvtecjundiai.com.br\/news\/wp-content\/uploads\/sites\/2\/2021\/05\/visita_prefeito_emeb_nassib_cury-213-1200x800.jpg\" alt=\"\" class=\"wp-image-76137\" srcset=\"https:\/\/tvtecjundiai.com.br\/news\/wp-content\/uploads\/sites\/2\/2021\/05\/visita_prefeito_emeb_nassib_cury-213-1200x800.jpg 1200w, https:\/\/tvtecjundiai.com.br\/news\/wp-content\/uploads\/sites\/2\/2021\/05\/visita_prefeito_emeb_nassib_cury-213-300x200.jpg 300w, https:\/\/tvtecjundiai.com.br\/news\/wp-content\/uploads\/sites\/2\/2021\/05\/visita_prefeito_emeb_nassib_cury-213-768x512.jpg 768w, https:\/\/tvtecjundiai.com.br\/news\/wp-content\/uploads\/sites\/2\/2021\/05\/visita_prefeito_emeb_nassib_cury-213.jpg 1280w\" sizes=\"auto, (max-width: 1200px) 100vw, 1200px\" \/><figcaption>Escola conta com cria\u00e7\u00e3o de abelhas jata\u00ed, que n\u00e3o t\u00eam ferr\u00e3o<\/figcaption><\/figure>\n\n\n\n<p><em>(Texto\/Imagens: Prefeitura de Jundia\u00ed)<\/em><\/p>\n","protected":false},"excerpt":{"rendered":"<p>O prefeito Luiz Fernando Machado visitou a escola que atende 641 alunos do 1\u00ba ao 5\u00ba ano do ensino fundamental<\/p>\n","protected":false},"author":28,"featured_media":76135,"comment_status":"closed","ping_status":"closed","sticky":false,"template":"","format":"standard","meta":{"footnotes":""},"categories":[8356,1],"tags":[],"class_list":["post-76134","post","type-post","status-publish","format-standard","has-post-thumbnail","hentry","category-jundiai","category-noticias"],"_links":{"self":[{"href":"https:\/\/tvtecjundiai.com.br\/news\/wp-json\/wp\/v2\/posts\/76134","targetHints":{"allow":["GET"]}}],"collection":[{"href":"https:\/\/tvtecjundiai.com.br\/news\/wp-json\/wp\/v2\/posts"}],"about":[{"href":"https:\/\/tvtecjundiai.com.br\/news\/wp-json\/wp\/v2\/types\/post"}],"author":[{"embeddable":true,"href":"https:\/\/tvtecjundiai.com.br\/news\/wp-json\/wp\/v2\/users\/28"}],"replies":[{"embeddable":true,"href":"https:\/\/tvtecjundiai.com.br\/news\/wp-json\/wp\/v2\/comments?post=76134"}],"version-history":[{"count":1,"href":"https:\/\/tvtecjundiai.com.br\/news\/wp-json\/wp\/v2\/posts\/76134\/revisions"}],"predecessor-version":[{"id":76138,"href":"https:\/\/tvtecjundiai.com.br\/news\/wp-json\/wp\/v2\/posts\/76134\/revisions\/76138"}],"wp:featuredmedia":[{"embeddable":true,"href":"https:\/\/tvtecjundiai.com.br\/news\/wp-json\/wp\/v2\/media\/76135"}],"wp:attachment":[{"href":"https:\/\/tvtecjundiai.com.br\/news\/wp-json\/wp\/v2\/media?parent=76134"}],"wp:term":[{"taxonomy":"category","embeddable":true,"href":"https:\/\/tvtecjundiai.com.br\/news\/wp-json\/wp\/v2\/categories?post=76134"},{"taxonomy":"post_tag","embeddable":true,"href":"https:\/\/tvtecjundiai.com.br\/news\/wp-json\/wp\/v2\/tags?post=76134"}],"curies":[{"name":"wp","href":"https:\/\/api.w.org\/{rel}","templated":true}]}}