{"id":76148,"date":"2021-05-20T16:42:24","date_gmt":"2021-05-20T19:42:24","guid":{"rendered":"https:\/\/tvtecjundiai.com.br\/news\/?p=76148"},"modified":"2021-05-20T16:42:24","modified_gmt":"2021-05-20T19:42:24","slug":"hospital-universitario-recebe-arvore-da-gratidao-dos-alunos-das-escolas-padre-anchieta","status":"publish","type":"post","link":"https:\/\/tvtecjundiai.com.br\/news\/2021\/05\/20\/hospital-universitario-recebe-arvore-da-gratidao-dos-alunos-das-escolas-padre-anchieta\/","title":{"rendered":"Hospital Universit\u00e1rio recebe \u201c\u00c1rvore da Gratid\u00e3o\u201d dos alunos das Escolas Padre Anchieta"},"content":{"rendered":"\n<p>Durante as aulas na disciplina de Geografia, os alunos dos 1\u00ba anos, das Escolas Padre Anchieta, estudaram sobre os lugares p\u00fablicos. E o que mais chamou a aten\u00e7\u00e3o dos pequenos foi quando abordaram assuntos referentes aos hospitais. Os alunos ficaram encantados quando souberam que o Hospital Universit\u00e1rio \u00e9 grande colaborador no combate \u00e0 pandemia.<\/p>\n\n\n\n<div class=\"wp-block-image\"><figure class=\"aligncenter size-large\"><img loading=\"lazy\" decoding=\"async\" width=\"504\" height=\"378\" src=\"https:\/\/tvtecjundiai.com.br\/news\/wp-content\/uploads\/sites\/2\/2021\/05\/image002-1.jpg\" alt=\"\" class=\"wp-image-76149\" srcset=\"https:\/\/tvtecjundiai.com.br\/news\/wp-content\/uploads\/sites\/2\/2021\/05\/image002-1.jpg 504w, https:\/\/tvtecjundiai.com.br\/news\/wp-content\/uploads\/sites\/2\/2021\/05\/image002-1-300x225.jpg 300w\" sizes=\"auto, (max-width: 504px) 100vw, 504px\" \/><figcaption>Alunos fizeram &#8220;\u00e1rvore&#8221; com recados aos profissionais do hospital <\/figcaption><\/figure><\/div>\n\n\n\n<p>Depois de muitas conversas, surgiu a ideia de enviar um cart\u00e3o em agradecimento a todos os profissionais que t\u00eam doado sua vida em favor do outro. E na manh\u00e3 desta quinta-feira (20), a professora do ensino fundamental, Cibele Pinheiro De Marchi, esteve no HU para entregar a \u201c\u00c1rvore da Gratid\u00e3o\u201d e um cart\u00e3o direcionado aos profissionais para a coordenadora do Voluntariado do HU, Tatiane Keller.<\/p>\n\n\n\n<p>&#8220;N\u00e3o podemos dar um abra\u00e7o, um aperto de m\u00e3o ou fazer uma visita presencial, mas podemos doar palavras e desenhos, demonstrando nosso carinho, respeito e admira\u00e7\u00e3o&#8221;, disse Cibele.<\/p>\n\n\n\n<p>\u201cAtitudes como essa demonstram que estamos no caminho certo. S\u00e3o pequenos gestos de valoriza\u00e7\u00e3o da sociedade que fazem com que nossos profissionais continuem lutando e prestando o melhor atendimento ao nosso usu\u00e1rio. S\u00f3 temos que agradecer a escola e os alunos por essa atitude t\u00e3o gloriosa\u201d, comentou Tatiane Keller.<\/p>\n\n\n\n<p><em>(Texto\/Imagem: Assessoria de Imprensa)<\/em><\/p>\n","protected":false},"excerpt":{"rendered":"<p>Alunos do 1\u00ba ano confeccionaram um cart\u00e3o em agradecimento a todos os profissionais do hospital<\/p>\n","protected":false},"author":28,"featured_media":76149,"comment_status":"closed","ping_status":"closed","sticky":false,"template":"","format":"standard","meta":{"footnotes":""},"categories":[8356,1],"tags":[],"class_list":["post-76148","post","type-post","status-publish","format-standard","has-post-thumbnail","hentry","category-jundiai","category-noticias"],"_links":{"self":[{"href":"https:\/\/tvtecjundiai.com.br\/news\/wp-json\/wp\/v2\/posts\/76148","targetHints":{"allow":["GET"]}}],"collection":[{"href":"https:\/\/tvtecjundiai.com.br\/news\/wp-json\/wp\/v2\/posts"}],"about":[{"href":"https:\/\/tvtecjundiai.com.br\/news\/wp-json\/wp\/v2\/types\/post"}],"author":[{"embeddable":true,"href":"https:\/\/tvtecjundiai.com.br\/news\/wp-json\/wp\/v2\/users\/28"}],"replies":[{"embeddable":true,"href":"https:\/\/tvtecjundiai.com.br\/news\/wp-json\/wp\/v2\/comments?post=76148"}],"version-history":[{"count":1,"href":"https:\/\/tvtecjundiai.com.br\/news\/wp-json\/wp\/v2\/posts\/76148\/revisions"}],"predecessor-version":[{"id":76150,"href":"https:\/\/tvtecjundiai.com.br\/news\/wp-json\/wp\/v2\/posts\/76148\/revisions\/76150"}],"wp:featuredmedia":[{"embeddable":true,"href":"https:\/\/tvtecjundiai.com.br\/news\/wp-json\/wp\/v2\/media\/76149"}],"wp:attachment":[{"href":"https:\/\/tvtecjundiai.com.br\/news\/wp-json\/wp\/v2\/media?parent=76148"}],"wp:term":[{"taxonomy":"category","embeddable":true,"href":"https:\/\/tvtecjundiai.com.br\/news\/wp-json\/wp\/v2\/categories?post=76148"},{"taxonomy":"post_tag","embeddable":true,"href":"https:\/\/tvtecjundiai.com.br\/news\/wp-json\/wp\/v2\/tags?post=76148"}],"curies":[{"name":"wp","href":"https:\/\/api.w.org\/{rel}","templated":true}]}}