{"id":76161,"date":"2021-05-20T17:49:24","date_gmt":"2021-05-20T20:49:24","guid":{"rendered":"https:\/\/tvtecjundiai.com.br\/news\/?p=76161"},"modified":"2021-05-20T17:49:24","modified_gmt":"2021-05-20T20:49:24","slug":"sebrae-e-fgv-iniciam-programa-de-estimulo-a-economia-regional","status":"publish","type":"post","link":"https:\/\/tvtecjundiai.com.br\/news\/2021\/05\/20\/sebrae-e-fgv-iniciam-programa-de-estimulo-a-economia-regional\/","title":{"rendered":"Sebrae e FGV iniciam programa de est\u00edmulo \u00e0 economia regional"},"content":{"rendered":"\n<p>O Sebrae e a FGV (Funda\u00e7\u00e3o Get\u00falio Vargas) iniciaram, na tarde desta quinta-feira (20), o Programa de Articula\u00e7\u00e3o Regional de Pol\u00edticas P\u00fablicas, voltado para estimular a economia e o empreendedorismo em diferentes cidades da Regi\u00e3o de Jundia\u00ed. O evento de lan\u00e7amento ocorreu no UniAnchieta (Centro Universit\u00e1rio Padre Anchieta), com abertura do prefeito de Jundia\u00ed, Luiz Fernando Machado. Na sequ\u00eancia, representantes de diferentes cidades da Regi\u00e3o deram in\u00edcio a uma reuni\u00e3o de trabalho.<\/p>\n\n\n\n<figure class=\"wp-block-image size-large\"><img loading=\"lazy\" decoding=\"async\" width=\"1200\" height=\"800\" src=\"https:\/\/tvtecjundiai.com.br\/news\/wp-content\/uploads\/sites\/2\/2021\/05\/evento_sebrae_fgv_unianchieta-269-1200x800.jpg\" alt=\"\" class=\"wp-image-76162\" srcset=\"https:\/\/tvtecjundiai.com.br\/news\/wp-content\/uploads\/sites\/2\/2021\/05\/evento_sebrae_fgv_unianchieta-269-1200x800.jpg 1200w, https:\/\/tvtecjundiai.com.br\/news\/wp-content\/uploads\/sites\/2\/2021\/05\/evento_sebrae_fgv_unianchieta-269-300x200.jpg 300w, https:\/\/tvtecjundiai.com.br\/news\/wp-content\/uploads\/sites\/2\/2021\/05\/evento_sebrae_fgv_unianchieta-269-768x512.jpg 768w, https:\/\/tvtecjundiai.com.br\/news\/wp-content\/uploads\/sites\/2\/2021\/05\/evento_sebrae_fgv_unianchieta-269.jpg 1280w\" sizes=\"auto, (max-width: 1200px) 100vw, 1200px\" \/><figcaption>Prefeito da cidade anfitri\u00e3 do evento, Luiz Fernando Machado fez abertura para p\u00fablico e autoridades no UniAnchieta<\/figcaption><\/figure>\n\n\n\n<p>\u201cQueremos transformar a vida de pessoas que possuem um perfil empreendedor e muitas vezes n\u00e3o sabem como dar in\u00edcio ao seu pr\u00f3prio neg\u00f3cio\u201d, declarou o prefeito. \u201cAqui, ser\u00e1 uma oportunidade de diferentes cidades criarem uma agenda de trabalho conjunto, com pol\u00edticas p\u00fablicas de alcance regional.\u201d<\/p>\n\n\n\n<p>O diretor administrativo-financeiro do Sebrae, Guilherme Campos, destacou a import\u00e2ncia da rela\u00e7\u00e3o e de neg\u00f3cios entre as diferentes cidades. \u201cSabemos que, por causa da pandemia, muitas pessoas tiveram seu neg\u00f3cio impactado, e acredito que, por meio desse trabalho, ser\u00e1 poss\u00edvel criar mais oportunidades.\u201d<\/p>\n\n\n\n<p>Gerente regional do Sebrae, Marcelo Paranzini explicou que o trabalho iniciado nesta quinta-feira buscar\u00e1 compreender as necessidades e demandas de cada munic\u00edpio. \u201cO programa est\u00e1 sendo apresentado hoje e ser\u00e1 disponibilizado para cada cidade, com a metodologia da FGV.\u201d Para o diretor-presidente do UniAnchieta, Norberto Fornari, uma a\u00e7\u00e3o como essa, para investir na economia, \u00e9 nobre e vem na hora certa. \u201cPrecisamos de uni\u00e3o, de agendas em comum.\u201d<\/p>\n\n\n\n<p>Ao todo, foram convidados representantes de 13 cidades, incluindo as sete que formam a Aglomera\u00e7\u00e3o Urbana de Jundia\u00ed \u2013 Cabre\u00fava, Campo Limpo Paulista, Jarinu, Itupeva, Louveira, Jundia\u00ed e V\u00e1rzea Paulista. Al\u00e9m de Luiz Fernando Machado, estiveram presentes os prefeitos de Campo Limpo Paulista, Luiz Braz, e de Louveira, Estanislau Steck, e tamb\u00e9m os vice-prefeitos de Itupeva, Alexandre Mustafa, e de Jarinu, Jo\u00e3o Carlos Lopes de Camargo, al\u00e9m de quadros t\u00e9cnicos de outros munic\u00edpios.<\/p>\n\n\n\n<p><em>(Texto\/Imagem: Prefeitura de Jundia\u00ed)<\/em><\/p>\n","protected":false},"excerpt":{"rendered":"<p>O evento de lan\u00e7amento ocorreu no UniAnchieta, com abertura do prefeito de Jundia\u00ed, Luiz Fernando Machado<\/p>\n","protected":false},"author":28,"featured_media":76163,"comment_status":"closed","ping_status":"closed","sticky":false,"template":"","format":"standard","meta":{"footnotes":""},"categories":[8356,1],"tags":[],"class_list":["post-76161","post","type-post","status-publish","format-standard","has-post-thumbnail","hentry","category-jundiai","category-noticias"],"_links":{"self":[{"href":"https:\/\/tvtecjundiai.com.br\/news\/wp-json\/wp\/v2\/posts\/76161","targetHints":{"allow":["GET"]}}],"collection":[{"href":"https:\/\/tvtecjundiai.com.br\/news\/wp-json\/wp\/v2\/posts"}],"about":[{"href":"https:\/\/tvtecjundiai.com.br\/news\/wp-json\/wp\/v2\/types\/post"}],"author":[{"embeddable":true,"href":"https:\/\/tvtecjundiai.com.br\/news\/wp-json\/wp\/v2\/users\/28"}],"replies":[{"embeddable":true,"href":"https:\/\/tvtecjundiai.com.br\/news\/wp-json\/wp\/v2\/comments?post=76161"}],"version-history":[{"count":1,"href":"https:\/\/tvtecjundiai.com.br\/news\/wp-json\/wp\/v2\/posts\/76161\/revisions"}],"predecessor-version":[{"id":76164,"href":"https:\/\/tvtecjundiai.com.br\/news\/wp-json\/wp\/v2\/posts\/76161\/revisions\/76164"}],"wp:featuredmedia":[{"embeddable":true,"href":"https:\/\/tvtecjundiai.com.br\/news\/wp-json\/wp\/v2\/media\/76163"}],"wp:attachment":[{"href":"https:\/\/tvtecjundiai.com.br\/news\/wp-json\/wp\/v2\/media?parent=76161"}],"wp:term":[{"taxonomy":"category","embeddable":true,"href":"https:\/\/tvtecjundiai.com.br\/news\/wp-json\/wp\/v2\/categories?post=76161"},{"taxonomy":"post_tag","embeddable":true,"href":"https:\/\/tvtecjundiai.com.br\/news\/wp-json\/wp\/v2\/tags?post=76161"}],"curies":[{"name":"wp","href":"https:\/\/api.w.org\/{rel}","templated":true}]}}