{"id":76165,"date":"2021-05-20T18:41:58","date_gmt":"2021-05-20T21:41:58","guid":{"rendered":"https:\/\/tvtecjundiai.com.br\/news\/?p=76165"},"modified":"2021-05-20T18:41:58","modified_gmt":"2021-05-20T21:41:58","slug":"acao-voluntaria-de-concessionaria-garante-cestas-basicas-para-populacao-vulneravel","status":"publish","type":"post","link":"https:\/\/tvtecjundiai.com.br\/news\/2021\/05\/20\/acao-voluntaria-de-concessionaria-garante-cestas-basicas-para-populacao-vulneravel\/","title":{"rendered":"A\u00e7\u00e3o volunt\u00e1ria de concession\u00e1ria garante cestas b\u00e1sicas para popula\u00e7\u00e3o vulner\u00e1vel"},"content":{"rendered":"\n<p>Dalva Macedo de Jesus foi uma das moradoras da Granja do Jundia\u00ed-Mirim que receberam as doa\u00e7\u00f5es de cestas b\u00e1sicas em a\u00e7\u00e3o da concession\u00e1ria Rota das Bandeiras na tarde desta quinta-feira (20). Inscrita no Benef\u00edcio de Presta\u00e7\u00e3o Continuada (BPC) e atendida pela Cras S\u00e3o Camilo, Dalva mora com o esposo, filha e netos e agradeceu a doa\u00e7\u00e3o. \u201cEsta cesta ir\u00e1 ajudar muito. Com o que n\u00e3o vamos gastar com alimento, ser\u00e1 poss\u00edvel pagar as outras contas, o aluguel e a farm\u00e1cia\u201d, comemorou.<\/p>\n\n\n\n<p>A a\u00e7\u00e3o volunt\u00e1ria, realizada pelos trabalhadores da concession\u00e1ria, garantiu 600 cestas b\u00e1sicas, com alimentos n\u00e3o perec\u00edveis, al\u00e9m de itens de limpeza e higiene pessoal, para doa\u00e7\u00f5es nos 17 Munic\u00edpios da sua \u00e1rea de cobertura. S\u00f3 para Jundia\u00ed foram destinadas 75 cestas, entregues no Fundo Social de Solidariedade e no Jundia\u00ed-Mirim. A a\u00e7\u00e3o foi articulada pela Rede Jundia\u00ed de Coopera\u00e7\u00e3o, \u00f3rg\u00e3o vinculado \u00e0 Unidade de Gest\u00e3o de Governo e Finan\u00e7as (UGGF) da Prefeitura de Jundia\u00ed.<\/p>\n\n\n\n<figure class=\"wp-block-image size-large\"><img loading=\"lazy\" decoding=\"async\" width=\"1200\" height=\"828\" src=\"https:\/\/tvtecjundiai.com.br\/news\/wp-content\/uploads\/sites\/2\/2021\/05\/dpf5461-1200x828.jpg\" alt=\"\" class=\"wp-image-76166\" srcset=\"https:\/\/tvtecjundiai.com.br\/news\/wp-content\/uploads\/sites\/2\/2021\/05\/dpf5461-1200x828.jpg 1200w, https:\/\/tvtecjundiai.com.br\/news\/wp-content\/uploads\/sites\/2\/2021\/05\/dpf5461-300x207.jpg 300w, https:\/\/tvtecjundiai.com.br\/news\/wp-content\/uploads\/sites\/2\/2021\/05\/dpf5461-768x530.jpg 768w, https:\/\/tvtecjundiai.com.br\/news\/wp-content\/uploads\/sites\/2\/2021\/05\/dpf5461.jpg 1280w\" sizes=\"auto, (max-width: 1200px) 100vw, 1200px\" \/><figcaption>Vanessa e Stephan: doa\u00e7\u00e3o refor\u00e7ar\u00e1 o atendimento \u00e0s fam\u00edlias em vulnerabilidade<\/figcaption><\/figure>\n\n\n\n<p>De acordo com Stephan Campineiro, gerente de Comunica\u00e7\u00e3o e Rela\u00e7\u00f5es Institucionais, a doa\u00e7\u00e3o foi poss\u00edvel gra\u00e7as ao programa \u201cRota da Transforma\u00e7\u00e3o\u201d, iniciativa desenvolvida pela concession\u00e1ria que estimula o voluntariado entre os funcion\u00e1rios. \u201cUma das a\u00e7\u00f5es, neste momento, \u00e9 a arrecada\u00e7\u00e3o de cestas b\u00e1sicas para a doa\u00e7\u00e3o \u00e0s fam\u00edlias em situa\u00e7\u00e3o de vulnerabilidade nos munic\u00edpios que integram o corredor Dom Pedro de rodovias, entre eles, Jundia\u00ed\u201d, afirmou.<\/p>\n\n\n\n<p>A primeira-dama e presidente do Fundo Social de Solidariedade de Jundia\u00ed falou da alegria em contar com a colabora\u00e7\u00e3o da concession\u00e1ria. \u201cCostumo dizer que o resultado \u00e9 ainda melhor quando h\u00e1 a uni\u00e3o de vontades. A parceria entre o Poder P\u00fablico e a iniciativa privada \u00e9 um exemplo disso. Esta colabora\u00e7\u00e3o da concession\u00e1ria Rota das Bandeiras \u00e9 muito importante e chega para refor\u00e7ar o atendimento da Prefeitura \u00e0s fam\u00edlias em vulnerabilidade\u201d, disse.<\/p>\n\n\n\n<p>A gestora da Unidade de Gest\u00e3o de Assist\u00eancia e Desenvolvimento Social (UGADS), Maria Brant, tamb\u00e9m refor\u00e7ou a import\u00e2ncia de parcerias. \u201cQue esta iniciativa da Rota das Bandeiras inspire mais a\u00e7\u00f5es de voluntariado por parte das empresas privadas junto \u00e0 popula\u00e7\u00e3o neste momento\u201d.<\/p>\n\n\n\n<figure class=\"wp-block-image size-large\"><img loading=\"lazy\" decoding=\"async\" width=\"1200\" height=\"801\" src=\"https:\/\/tvtecjundiai.com.br\/news\/wp-content\/uploads\/sites\/2\/2021\/05\/entrega-cestas_rota-das-bandeiras-211-1200x801.jpg\" alt=\"\" class=\"wp-image-76167\" srcset=\"https:\/\/tvtecjundiai.com.br\/news\/wp-content\/uploads\/sites\/2\/2021\/05\/entrega-cestas_rota-das-bandeiras-211-1200x801.jpg 1200w, https:\/\/tvtecjundiai.com.br\/news\/wp-content\/uploads\/sites\/2\/2021\/05\/entrega-cestas_rota-das-bandeiras-211-300x200.jpg 300w, https:\/\/tvtecjundiai.com.br\/news\/wp-content\/uploads\/sites\/2\/2021\/05\/entrega-cestas_rota-das-bandeiras-211-768x512.jpg 768w, https:\/\/tvtecjundiai.com.br\/news\/wp-content\/uploads\/sites\/2\/2021\/05\/entrega-cestas_rota-das-bandeiras-211.jpg 1280w\" sizes=\"auto, (max-width: 1200px) 100vw, 1200px\" \/><figcaption>Dona Dalva foi uma das benefici\u00e1rias que residem na Granja do Jundia\u00ed-Mirim<\/figcaption><\/figure>\n\n\n\n<p><strong>Campanha Permanente<\/strong><br>Os interessados em contribuir com o Fundo Social podem fazer doa\u00e7\u00f5es para a Campanha Permanente de Solidariedade. A iniciativa recebe alimentos n\u00e3o perec\u00edveis; fraldas para crian\u00e7as e adultos; leite longa vida ou em p\u00f3; absorventes higi\u00eanicos descart\u00e1veis; \u00e1gua mineral; roupas, cal\u00e7ados e toalhas de banho; produtos de limpeza e de higiene pessoal; ra\u00e7\u00e3o para animais; e saco de lixo.<\/p>\n\n\n\n<p>Os itens devem ser entregues, diretamente, na sede do Fundo Social, localizado dentro do Parque da Uva. O acesso \u00e9 pela avenida Dona Manoela Lacerda de Vergueiro, s\/n, port\u00e3o 03, bairro Anhangaba\u00fa. O funcionamento da unidade \u00e9 de segunda a sexta-feira, das 8h \u00e0s 17h, exceto feriados. Informa\u00e7\u00f5es: (11) 4521-2762, 4521-2929 e 4521-6833.<\/p>\n\n\n\n<figure class=\"wp-block-image size-large\"><img loading=\"lazy\" decoding=\"async\" width=\"1200\" height=\"800\" src=\"https:\/\/tvtecjundiai.com.br\/news\/wp-content\/uploads\/sites\/2\/2021\/05\/entrega-cestas_rota-das-bandeiras-104-1200x800.jpg\" alt=\"\" class=\"wp-image-76168\" srcset=\"https:\/\/tvtecjundiai.com.br\/news\/wp-content\/uploads\/sites\/2\/2021\/05\/entrega-cestas_rota-das-bandeiras-104-1200x800.jpg 1200w, https:\/\/tvtecjundiai.com.br\/news\/wp-content\/uploads\/sites\/2\/2021\/05\/entrega-cestas_rota-das-bandeiras-104-300x200.jpg 300w, https:\/\/tvtecjundiai.com.br\/news\/wp-content\/uploads\/sites\/2\/2021\/05\/entrega-cestas_rota-das-bandeiras-104-768x512.jpg 768w, https:\/\/tvtecjundiai.com.br\/news\/wp-content\/uploads\/sites\/2\/2021\/05\/entrega-cestas_rota-das-bandeiras-104.jpg 1280w\" sizes=\"auto, (max-width: 1200px) 100vw, 1200px\" \/><figcaption>Das arrecada\u00e7\u00f5es realizadas pela concession\u00e1ria, 75 foram entregues para Jundia\u00ed<\/figcaption><\/figure>\n\n\n\n<p><em>(Texto\/Imagens: Prefeitura de Jundia\u00ed)<\/em><\/p>\n","protected":false},"excerpt":{"rendered":"<p>A a\u00e7\u00e3o volunt\u00e1ria, realizada pela Rota das Bandeiras, garantiu 600 cestas b\u00e1sicas para doa\u00e7\u00f5es<\/p>\n","protected":false},"author":28,"featured_media":76167,"comment_status":"closed","ping_status":"closed","sticky":false,"template":"","format":"standard","meta":{"footnotes":""},"categories":[8356,1],"tags":[],"class_list":["post-76165","post","type-post","status-publish","format-standard","has-post-thumbnail","hentry","category-jundiai","category-noticias"],"_links":{"self":[{"href":"https:\/\/tvtecjundiai.com.br\/news\/wp-json\/wp\/v2\/posts\/76165","targetHints":{"allow":["GET"]}}],"collection":[{"href":"https:\/\/tvtecjundiai.com.br\/news\/wp-json\/wp\/v2\/posts"}],"about":[{"href":"https:\/\/tvtecjundiai.com.br\/news\/wp-json\/wp\/v2\/types\/post"}],"author":[{"embeddable":true,"href":"https:\/\/tvtecjundiai.com.br\/news\/wp-json\/wp\/v2\/users\/28"}],"replies":[{"embeddable":true,"href":"https:\/\/tvtecjundiai.com.br\/news\/wp-json\/wp\/v2\/comments?post=76165"}],"version-history":[{"count":1,"href":"https:\/\/tvtecjundiai.com.br\/news\/wp-json\/wp\/v2\/posts\/76165\/revisions"}],"predecessor-version":[{"id":76169,"href":"https:\/\/tvtecjundiai.com.br\/news\/wp-json\/wp\/v2\/posts\/76165\/revisions\/76169"}],"wp:featuredmedia":[{"embeddable":true,"href":"https:\/\/tvtecjundiai.com.br\/news\/wp-json\/wp\/v2\/media\/76167"}],"wp:attachment":[{"href":"https:\/\/tvtecjundiai.com.br\/news\/wp-json\/wp\/v2\/media?parent=76165"}],"wp:term":[{"taxonomy":"category","embeddable":true,"href":"https:\/\/tvtecjundiai.com.br\/news\/wp-json\/wp\/v2\/categories?post=76165"},{"taxonomy":"post_tag","embeddable":true,"href":"https:\/\/tvtecjundiai.com.br\/news\/wp-json\/wp\/v2\/tags?post=76165"}],"curies":[{"name":"wp","href":"https:\/\/api.w.org\/{rel}","templated":true}]}}