{"id":76170,"date":"2021-05-20T18:49:50","date_gmt":"2021-05-20T21:49:50","guid":{"rendered":"https:\/\/tvtecjundiai.com.br\/news\/?p=76170"},"modified":"2021-05-20T18:49:50","modified_gmt":"2021-05-20T21:49:50","slug":"ligacao-entre-botanico-e-parque-da-cidade-por-ciclovia-e-fechada-devido-a-obras-em-rodovia","status":"publish","type":"post","link":"https:\/\/tvtecjundiai.com.br\/news\/2021\/05\/20\/ligacao-entre-botanico-e-parque-da-cidade-por-ciclovia-e-fechada-devido-a-obras-em-rodovia\/","title":{"rendered":"Liga\u00e7\u00e3o entre Bot\u00e2nico e Parque da Cidade por ciclovia \u00e9 fechada devido a obras em rodovia"},"content":{"rendered":"\n<p>A liga\u00e7\u00e3o por ciclovia entre o Jardim Bot\u00e2nico e o Parque da Cidade, no trecho sob a ponte da rodovia Jo\u00e3o Cereser, est\u00e1 interditada a partir desta quinta-feira (20). Ve\u00edculos ainda podem circular pela avenida Navarro de Andrade.\u00a0<\/p>\n\n\n\n<p>A interdi\u00e7\u00e3o \u00e9 necess\u00e1ria para a realiza\u00e7\u00e3o de obras de refor\u00e7o, alargamento de faixa e recupera\u00e7\u00e3o estrutural da via. Apenas a interliga\u00e7\u00e3o entre os parques foi afetada. Dentro do Jardim Bot\u00e2nico, do Mundo das Crian\u00e7as e do Parque da Cidade as ciclovias seguem em funcionamento normal.&nbsp;<\/p>\n\n\n\n<figure class=\"wp-block-image size-large\"><img loading=\"lazy\" decoding=\"async\" width=\"1200\" height=\"800\" src=\"https:\/\/tvtecjundiai.com.br\/news\/wp-content\/uploads\/sites\/2\/2021\/05\/ciclovia_interditada-132-1200x800.jpg\" alt=\"\" class=\"wp-image-76171\" srcset=\"https:\/\/tvtecjundiai.com.br\/news\/wp-content\/uploads\/sites\/2\/2021\/05\/ciclovia_interditada-132-1200x800.jpg 1200w, https:\/\/tvtecjundiai.com.br\/news\/wp-content\/uploads\/sites\/2\/2021\/05\/ciclovia_interditada-132-300x200.jpg 300w, https:\/\/tvtecjundiai.com.br\/news\/wp-content\/uploads\/sites\/2\/2021\/05\/ciclovia_interditada-132-768x512.jpg 768w, https:\/\/tvtecjundiai.com.br\/news\/wp-content\/uploads\/sites\/2\/2021\/05\/ciclovia_interditada-132.jpg 1280w\" sizes=\"auto, (max-width: 1200px) 100vw, 1200px\" \/><figcaption>Interdi\u00e7\u00e3o deve prosseguir at\u00e9 dezembro, por causa de obras na ponte da rodovia Jo\u00e3o Cereser<\/figcaption><\/figure>\n\n\n\n<p>A interdi\u00e7\u00e3o foi feita pela concession\u00e1ria Rota das Bandeiras, que faz a administra\u00e7\u00e3o da rodovia Jo\u00e3o Cereser, e segue at\u00e9 dezembro, previs\u00e3o de conclus\u00e3o da obra.<\/p>\n\n\n\n<p><em>(Texto\/Imagem: Prefeitura de Jundia\u00ed)<\/em><\/p>\n","protected":false},"excerpt":{"rendered":"<p>A liga\u00e7\u00e3o no trecho sob a ponte da rodovia Jo\u00e3o Cereser est\u00e1 interditada a partir desta quinta-feira (20)<\/p>\n","protected":false},"author":28,"featured_media":76171,"comment_status":"closed","ping_status":"closed","sticky":false,"template":"","format":"standard","meta":{"footnotes":""},"categories":[8356,1],"tags":[],"class_list":["post-76170","post","type-post","status-publish","format-standard","has-post-thumbnail","hentry","category-jundiai","category-noticias"],"_links":{"self":[{"href":"https:\/\/tvtecjundiai.com.br\/news\/wp-json\/wp\/v2\/posts\/76170","targetHints":{"allow":["GET"]}}],"collection":[{"href":"https:\/\/tvtecjundiai.com.br\/news\/wp-json\/wp\/v2\/posts"}],"about":[{"href":"https:\/\/tvtecjundiai.com.br\/news\/wp-json\/wp\/v2\/types\/post"}],"author":[{"embeddable":true,"href":"https:\/\/tvtecjundiai.com.br\/news\/wp-json\/wp\/v2\/users\/28"}],"replies":[{"embeddable":true,"href":"https:\/\/tvtecjundiai.com.br\/news\/wp-json\/wp\/v2\/comments?post=76170"}],"version-history":[{"count":1,"href":"https:\/\/tvtecjundiai.com.br\/news\/wp-json\/wp\/v2\/posts\/76170\/revisions"}],"predecessor-version":[{"id":76172,"href":"https:\/\/tvtecjundiai.com.br\/news\/wp-json\/wp\/v2\/posts\/76170\/revisions\/76172"}],"wp:featuredmedia":[{"embeddable":true,"href":"https:\/\/tvtecjundiai.com.br\/news\/wp-json\/wp\/v2\/media\/76171"}],"wp:attachment":[{"href":"https:\/\/tvtecjundiai.com.br\/news\/wp-json\/wp\/v2\/media?parent=76170"}],"wp:term":[{"taxonomy":"category","embeddable":true,"href":"https:\/\/tvtecjundiai.com.br\/news\/wp-json\/wp\/v2\/categories?post=76170"},{"taxonomy":"post_tag","embeddable":true,"href":"https:\/\/tvtecjundiai.com.br\/news\/wp-json\/wp\/v2\/tags?post=76170"}],"curies":[{"name":"wp","href":"https:\/\/api.w.org\/{rel}","templated":true}]}}