{"id":76176,"date":"2021-05-21T10:33:01","date_gmt":"2021-05-21T13:33:01","guid":{"rendered":"https:\/\/tvtecjundiai.com.br\/news\/?p=76176"},"modified":"2021-05-21T10:33:01","modified_gmt":"2021-05-21T13:33:01","slug":"pessoas-com-doencas-neurologicas-cronicas-sao-incluidas-em-grupo-prioritario-da-vacinacao","status":"publish","type":"post","link":"https:\/\/tvtecjundiai.com.br\/news\/2021\/05\/21\/pessoas-com-doencas-neurologicas-cronicas-sao-incluidas-em-grupo-prioritario-da-vacinacao\/","title":{"rendered":"Pessoas com doen\u00e7as neurol\u00f3gicas cr\u00f4nicas s\u00e3o inclu\u00eddas em grupo priorit\u00e1rio da vacina\u00e7\u00e3o"},"content":{"rendered":"\n<p>As doen\u00e7as neurol\u00f3gicas cr\u00f4nicas foram inclu\u00eddas no grupo priorit\u00e1rio de pessoas com comorbidades entre os segmentos pass\u00edveis de imuniza\u00e7\u00e3o dentro do plano de operacionaliza\u00e7\u00e3o da campanha de vacina\u00e7\u00e3o contra a COVID-19. O Plano Nacional de Operacionaliza\u00e7\u00e3o (PNO) da vacina\u00e7\u00e3o foi atualizado nesta quinta-feira, 20.<\/p>\n\n\n\n<p>Entre as condi\u00e7\u00f5es neurol\u00f3gicas cr\u00f4nicas est\u00e3o doen\u00e7as cerebrovasculares (acidente vascular cerebral isqu\u00eamico ou hemorr\u00e1gico, ataque isqu\u00eamico transit\u00f3rio e dem\u00eancia vascular) e doen\u00e7as neurol\u00f3gicas cr\u00f4nicas que impactem a fun\u00e7\u00e3o respirat\u00f3ria.<\/p>\n\n\n\n<p>Tamb\u00e9m fazem parte desse grupo doen\u00e7as heredit\u00e1rias e degenerativas do sistema nervoso ou muscular, indiv\u00edduos com defici\u00eancia neurol\u00f3gica grave, paralisia cerebral e esclerose m\u00faltipla ou condi\u00e7\u00f5es similares.<\/p>\n\n\n\n<p>As pessoas com comorbidades j\u00e1 come\u00e7aram a ser vacinadas. Elas entraram na ordem de prioridade ap\u00f3s idosos em institui\u00e7\u00f5es de longa perman\u00eancia, profissionais de sa\u00fade, idosos e parte dos trabalhadores de for\u00e7as de seguran\u00e7a.<\/p>\n\n\n\n<p>Na nova vers\u00e3o do plano de operacionaliza\u00e7\u00e3o tamb\u00e9m foi inserida orienta\u00e7\u00e3o para as gestantes que tomaram a primeira dose da vacina Oxford\/AstraZeneca para que aguardem o fim do puerp\u00e9rio para receber a segunda dose.<\/p>\n\n\n\n<p>A recomenda\u00e7\u00e3o foi feita ap\u00f3s a mudan\u00e7a da regra para gestantes e pu\u00e9rperas feita pelo Minist\u00e9rio da Sa\u00fade no dia 11 de maio diante da morte de duas gestantes ap\u00f3s terem sido imunizadas com doses da Oxford\/AstraZeneca.<\/p>\n\n\n\n<p><strong>Covax<br><\/strong>O Minist\u00e9rio da Sa\u00fade tamb\u00e9m anunciou nesta quinta-feira que antecipou a chegada de 4 milh\u00f5es de doses de vacinas do cons\u00f3rcio Covax Facility, coordenado pela Organiza\u00e7\u00e3o Mundial da Sa\u00fade, para junho. Originalmente as doses estavam previstas para chegar ao Brasil depois de julho.<\/p>\n\n\n\n<div class=\"wp-block-image\"><figure class=\"aligncenter size-large\"><img loading=\"lazy\" decoding=\"async\" width=\"1200\" height=\"800\" src=\"https:\/\/tvtecjundiai.com.br\/news\/wp-content\/uploads\/sites\/2\/2021\/05\/51166334249_70a05e6b76_o-1200x800.jpg\" alt=\"\" class=\"wp-image-76177\" srcset=\"https:\/\/tvtecjundiai.com.br\/news\/wp-content\/uploads\/sites\/2\/2021\/05\/51166334249_70a05e6b76_o-1200x800.jpg 1200w, https:\/\/tvtecjundiai.com.br\/news\/wp-content\/uploads\/sites\/2\/2021\/05\/51166334249_70a05e6b76_o-300x200.jpg 300w, https:\/\/tvtecjundiai.com.br\/news\/wp-content\/uploads\/sites\/2\/2021\/05\/51166334249_70a05e6b76_o-768x512.jpg 768w, https:\/\/tvtecjundiai.com.br\/news\/wp-content\/uploads\/sites\/2\/2021\/05\/51166334249_70a05e6b76_o.jpg 1280w\" sizes=\"auto, (max-width: 1200px) 100vw, 1200px\" \/><\/figure><\/div>\n\n\n\n<p><em>(Fonte: Estad\u00e3o\/Imagem: Prefeitura de Jundia\u00ed)<\/em><\/p>\n","protected":false},"excerpt":{"rendered":"<p>Entre as condi\u00e7\u00f5es, est\u00e3o: doen\u00e7as cerebrovasculares e doen\u00e7as neurol\u00f3gicas cr\u00f4nicas<\/p>\n","protected":false},"author":25,"featured_media":76177,"comment_status":"closed","ping_status":"closed","sticky":false,"template":"","format":"standard","meta":{"footnotes":""},"categories":[1,2839],"tags":[],"class_list":["post-76176","post","type-post","status-publish","format-standard","has-post-thumbnail","hentry","category-noticias","category-saude"],"_links":{"self":[{"href":"https:\/\/tvtecjundiai.com.br\/news\/wp-json\/wp\/v2\/posts\/76176","targetHints":{"allow":["GET"]}}],"collection":[{"href":"https:\/\/tvtecjundiai.com.br\/news\/wp-json\/wp\/v2\/posts"}],"about":[{"href":"https:\/\/tvtecjundiai.com.br\/news\/wp-json\/wp\/v2\/types\/post"}],"author":[{"embeddable":true,"href":"https:\/\/tvtecjundiai.com.br\/news\/wp-json\/wp\/v2\/users\/25"}],"replies":[{"embeddable":true,"href":"https:\/\/tvtecjundiai.com.br\/news\/wp-json\/wp\/v2\/comments?post=76176"}],"version-history":[{"count":1,"href":"https:\/\/tvtecjundiai.com.br\/news\/wp-json\/wp\/v2\/posts\/76176\/revisions"}],"predecessor-version":[{"id":76178,"href":"https:\/\/tvtecjundiai.com.br\/news\/wp-json\/wp\/v2\/posts\/76176\/revisions\/76178"}],"wp:featuredmedia":[{"embeddable":true,"href":"https:\/\/tvtecjundiai.com.br\/news\/wp-json\/wp\/v2\/media\/76177"}],"wp:attachment":[{"href":"https:\/\/tvtecjundiai.com.br\/news\/wp-json\/wp\/v2\/media?parent=76176"}],"wp:term":[{"taxonomy":"category","embeddable":true,"href":"https:\/\/tvtecjundiai.com.br\/news\/wp-json\/wp\/v2\/categories?post=76176"},{"taxonomy":"post_tag","embeddable":true,"href":"https:\/\/tvtecjundiai.com.br\/news\/wp-json\/wp\/v2\/tags?post=76176"}],"curies":[{"name":"wp","href":"https:\/\/api.w.org\/{rel}","templated":true}]}}