{"id":76179,"date":"2021-05-21T10:42:14","date_gmt":"2021-05-21T13:42:14","guid":{"rendered":"https:\/\/tvtecjundiai.com.br\/news\/?p=76179"},"modified":"2021-05-21T10:42:14","modified_gmt":"2021-05-21T13:42:14","slug":"ligacao-entre-samuel-martins-e-14-de-dezembro-e-liberada-no-domingo-23","status":"publish","type":"post","link":"https:\/\/tvtecjundiai.com.br\/news\/2021\/05\/21\/ligacao-entre-samuel-martins-e-14-de-dezembro-e-liberada-no-domingo-23\/","title":{"rendered":"Liga\u00e7\u00e3o entre Samuel Martins e 14 de Dezembro \u00e9 liberada no domingo (23)"},"content":{"rendered":"\n<p>O primeiro trecho da obra do Complexo Samuel Martins, que liga a avenida Samuel Martins \u00e0 14 de Dezembro, ser\u00e1 aberto para os motoristas no pr\u00f3ximo domingo (23). Ao todo, s\u00e3o 9 mil m\u00b2 de pavimenta\u00e7\u00e3o, com implanta\u00e7\u00e3o de ilumina\u00e7\u00e3o p\u00fablica, passeio e galerias de \u00e1guas pluviais. A obra foi feita pela Prefeitura de Jundia\u00ed, por meio da Plataforma de Desenvolvimento Sustent\u00e1vel.<\/p>\n\n\n\n<div class=\"wp-block-image\"><figure class=\"aligncenter size-large\"><img loading=\"lazy\" decoding=\"async\" width=\"1200\" height=\"800\" src=\"https:\/\/tvtecjundiai.com.br\/news\/wp-content\/uploads\/sites\/2\/2021\/05\/obras-de-ligacao-av-samuel-martins-x-av-14-de-dezembro_c_-5-1200x800.jpg\" alt=\"\" class=\"wp-image-76180\" srcset=\"https:\/\/tvtecjundiai.com.br\/news\/wp-content\/uploads\/sites\/2\/2021\/05\/obras-de-ligacao-av-samuel-martins-x-av-14-de-dezembro_c_-5-1200x800.jpg 1200w, https:\/\/tvtecjundiai.com.br\/news\/wp-content\/uploads\/sites\/2\/2021\/05\/obras-de-ligacao-av-samuel-martins-x-av-14-de-dezembro_c_-5-300x200.jpg 300w, https:\/\/tvtecjundiai.com.br\/news\/wp-content\/uploads\/sites\/2\/2021\/05\/obras-de-ligacao-av-samuel-martins-x-av-14-de-dezembro_c_-5-768x512.jpg 768w, https:\/\/tvtecjundiai.com.br\/news\/wp-content\/uploads\/sites\/2\/2021\/05\/obras-de-ligacao-av-samuel-martins-x-av-14-de-dezembro_c_-5.jpg 1280w\" sizes=\"auto, (max-width: 1200px) 100vw, 1200px\" \/><figcaption>S\u00e3o 9 mil m\u00b2 de pavimenta\u00e7\u00e3o, com implanta\u00e7\u00e3o de ilumina\u00e7\u00e3o p\u00fablica, passeio, galerias de \u00e1guas pluviais e toda a sinaliza\u00e7\u00e3o necess\u00e1ria<\/figcaption><\/figure><\/div>\n\n\n\n<p>\u201cA obra traz grande impacto na mobilidade urbana dessa regi\u00e3o, ligando importantes vias da cidade, e recebeu toda a sinaliza\u00e7\u00e3o necess\u00e1ria para a seguran\u00e7a dos motoristas\u201d, explica o gestor de Mobilidade e Transporte (UGMT), Aloysio Queiroz.&nbsp;<\/p>\n\n\n\n<p>Com a abertura, motoristas que trafegam pela rua Brasil poder\u00e3o acessar a 14 de Dezembro atrav\u00e9s do novo trecho da Samuel Martins. O motorista que trafega pelo lado oposto da Samuel Martins ou pela rua Paris, na regi\u00e3o do bairro Jardim do Lago, deve acessar o novo trecho passando antes pela rua Brasil.<\/p>\n\n\n\n<p>O gestor da Unidade de Infraestrutura e Servi\u00e7os P\u00fablicos (UGISP), Adilson Rosa, lembra que a fase dois da obra ser\u00e1 licitada e as interven\u00e7\u00f5es e trabalhos \u2013 que incluem o alteamento de 2,5 metros da rodovia Presidente Tancredo de Almeida Neves e a liga\u00e7\u00e3o entre os dois lados da Samuel Martins, passando sob a mesma rodovia \u2013 t\u00eam previs\u00e3o de in\u00edcio ainda este ano. Na \u00faltima ter\u00e7a-feira (18), t\u00e9cnicos da UGISP fizeram uma visita t\u00e9cnica ao local da obra.<\/p>\n\n\n\n<p>\u201cO Complexo Samuel Martins impactar\u00e1 positivamente a rotina de quem trafega pela regi\u00e3o entre o Jardim do Lago e a Vila Rami e utiliza a rodovia Presidente Tancredo de Almeida Neves\u201d, aponta Adilson Rosa.<\/p>\n\n\n\n<p><em>(Fonte\/Imagem: Prefeitura de Jundia\u00ed)<\/em><\/p>\n","protected":false},"excerpt":{"rendered":"<p>Ao todo, s\u00e3o 9 mil m\u00b2 de pavimenta\u00e7\u00e3o, com implanta\u00e7\u00e3o de ilumina\u00e7\u00e3o p\u00fablica, passeio e galerias de \u00e1guas pluviais<\/p>\n","protected":false},"author":25,"featured_media":76180,"comment_status":"closed","ping_status":"closed","sticky":false,"template":"","format":"standard","meta":{"footnotes":""},"categories":[1,2839],"tags":[],"class_list":["post-76179","post","type-post","status-publish","format-standard","has-post-thumbnail","hentry","category-noticias","category-saude"],"_links":{"self":[{"href":"https:\/\/tvtecjundiai.com.br\/news\/wp-json\/wp\/v2\/posts\/76179","targetHints":{"allow":["GET"]}}],"collection":[{"href":"https:\/\/tvtecjundiai.com.br\/news\/wp-json\/wp\/v2\/posts"}],"about":[{"href":"https:\/\/tvtecjundiai.com.br\/news\/wp-json\/wp\/v2\/types\/post"}],"author":[{"embeddable":true,"href":"https:\/\/tvtecjundiai.com.br\/news\/wp-json\/wp\/v2\/users\/25"}],"replies":[{"embeddable":true,"href":"https:\/\/tvtecjundiai.com.br\/news\/wp-json\/wp\/v2\/comments?post=76179"}],"version-history":[{"count":1,"href":"https:\/\/tvtecjundiai.com.br\/news\/wp-json\/wp\/v2\/posts\/76179\/revisions"}],"predecessor-version":[{"id":76181,"href":"https:\/\/tvtecjundiai.com.br\/news\/wp-json\/wp\/v2\/posts\/76179\/revisions\/76181"}],"wp:featuredmedia":[{"embeddable":true,"href":"https:\/\/tvtecjundiai.com.br\/news\/wp-json\/wp\/v2\/media\/76180"}],"wp:attachment":[{"href":"https:\/\/tvtecjundiai.com.br\/news\/wp-json\/wp\/v2\/media?parent=76179"}],"wp:term":[{"taxonomy":"category","embeddable":true,"href":"https:\/\/tvtecjundiai.com.br\/news\/wp-json\/wp\/v2\/categories?post=76179"},{"taxonomy":"post_tag","embeddable":true,"href":"https:\/\/tvtecjundiai.com.br\/news\/wp-json\/wp\/v2\/tags?post=76179"}],"curies":[{"name":"wp","href":"https:\/\/api.w.org\/{rel}","templated":true}]}}