{"id":76194,"date":"2021-05-21T14:32:52","date_gmt":"2021-05-21T17:32:52","guid":{"rendered":"https:\/\/tvtecjundiai.com.br\/news\/?p=76194"},"modified":"2021-05-21T14:32:52","modified_gmt":"2021-05-21T17:32:52","slug":"vacinacao-de-influenza-gripe-abre-nova-agenda-para-idoso-com-60-anos-ou-mais","status":"publish","type":"post","link":"https:\/\/tvtecjundiai.com.br\/news\/2021\/05\/21\/vacinacao-de-influenza-gripe-abre-nova-agenda-para-idoso-com-60-anos-ou-mais\/","title":{"rendered":"Vacina\u00e7\u00e3o de Influenza (gripe) abre nova agenda para idoso com 60 anos ou mais"},"content":{"rendered":"\n<p>Nesta sexta-feira (21), \u00e0s 16h, ser\u00e1 aberto novo agendamento pelos canais digitais da Prefeitura de Jundia\u00ed (site e APP) para o agendamento de vacina\u00e7\u00e3o para idosos com 60 anos ou mais contra a Influenza (gripe). A aplica\u00e7\u00e3o ser\u00e1 a partir da pr\u00f3xima segunda-feira (24), em postos fixos e drive-thru no Parque da Uva.<\/p>\n\n\n\n<p>Idosos que estejam no aguardo da segunda dose contra a COVID-19 ou que tenham recebido a aplica\u00e7\u00e3o em per\u00edodo inferior a 14 dias, devem aguardar nova oferta de aplica\u00e7\u00e3o, que acontecer\u00e1 semanalmente.<\/p>\n\n\n\n<figure class=\"wp-block-image size-large\"><img loading=\"lazy\" decoding=\"async\" width=\"1200\" height=\"801\" src=\"https:\/\/tvtecjundiai.com.br\/news\/wp-content\/uploads\/sites\/2\/2021\/05\/vacinacao_influenza_parque-da-uva-60-1200x801.jpg\" alt=\"\" class=\"wp-image-76195\" srcset=\"https:\/\/tvtecjundiai.com.br\/news\/wp-content\/uploads\/sites\/2\/2021\/05\/vacinacao_influenza_parque-da-uva-60-1200x801.jpg 1200w, https:\/\/tvtecjundiai.com.br\/news\/wp-content\/uploads\/sites\/2\/2021\/05\/vacinacao_influenza_parque-da-uva-60-300x200.jpg 300w, https:\/\/tvtecjundiai.com.br\/news\/wp-content\/uploads\/sites\/2\/2021\/05\/vacinacao_influenza_parque-da-uva-60-768x512.jpg 768w, https:\/\/tvtecjundiai.com.br\/news\/wp-content\/uploads\/sites\/2\/2021\/05\/vacinacao_influenza_parque-da-uva-60.jpg 1280w\" sizes=\"auto, (max-width: 1200px) 100vw, 1200px\" \/><figcaption>Vacina\u00e7\u00e3o contra influenza ter\u00e1 novo agendamento aberto nesta sexta-feira (21)<\/figcaption><\/figure>\n\n\n\n<p>No dia da aplica\u00e7\u00e3o, levar carteira de vacina\u00e7\u00e3o (caso tenham) documento com foto, CPF, comprovante de resid\u00eancia, al\u00e9m do comprovante de aplica\u00e7\u00e3o de dose da COVID-19 (para confer\u00eancia dos dados).<\/p>\n\n\n\n<p><em>(Texto\/Imagem: Prefeitura de Jundia\u00ed)<\/em><\/p>\n","protected":false},"excerpt":{"rendered":"<p>Novo agendamento ser\u00e1 aberto nesta sexta-feira (21), \u00e0s 16h, pelos canais digitais da Prefeitura de Jundia\u00ed<\/p>\n","protected":false},"author":28,"featured_media":76195,"comment_status":"closed","ping_status":"closed","sticky":false,"template":"","format":"standard","meta":{"footnotes":""},"categories":[8356,1],"tags":[],"class_list":["post-76194","post","type-post","status-publish","format-standard","has-post-thumbnail","hentry","category-jundiai","category-noticias"],"_links":{"self":[{"href":"https:\/\/tvtecjundiai.com.br\/news\/wp-json\/wp\/v2\/posts\/76194","targetHints":{"allow":["GET"]}}],"collection":[{"href":"https:\/\/tvtecjundiai.com.br\/news\/wp-json\/wp\/v2\/posts"}],"about":[{"href":"https:\/\/tvtecjundiai.com.br\/news\/wp-json\/wp\/v2\/types\/post"}],"author":[{"embeddable":true,"href":"https:\/\/tvtecjundiai.com.br\/news\/wp-json\/wp\/v2\/users\/28"}],"replies":[{"embeddable":true,"href":"https:\/\/tvtecjundiai.com.br\/news\/wp-json\/wp\/v2\/comments?post=76194"}],"version-history":[{"count":1,"href":"https:\/\/tvtecjundiai.com.br\/news\/wp-json\/wp\/v2\/posts\/76194\/revisions"}],"predecessor-version":[{"id":76196,"href":"https:\/\/tvtecjundiai.com.br\/news\/wp-json\/wp\/v2\/posts\/76194\/revisions\/76196"}],"wp:featuredmedia":[{"embeddable":true,"href":"https:\/\/tvtecjundiai.com.br\/news\/wp-json\/wp\/v2\/media\/76195"}],"wp:attachment":[{"href":"https:\/\/tvtecjundiai.com.br\/news\/wp-json\/wp\/v2\/media?parent=76194"}],"wp:term":[{"taxonomy":"category","embeddable":true,"href":"https:\/\/tvtecjundiai.com.br\/news\/wp-json\/wp\/v2\/categories?post=76194"},{"taxonomy":"post_tag","embeddable":true,"href":"https:\/\/tvtecjundiai.com.br\/news\/wp-json\/wp\/v2\/tags?post=76194"}],"curies":[{"name":"wp","href":"https:\/\/api.w.org\/{rel}","templated":true}]}}