{"id":76197,"date":"2021-05-21T14:51:29","date_gmt":"2021-05-21T17:51:29","guid":{"rendered":"https:\/\/tvtecjundiai.com.br\/news\/?p=76197"},"modified":"2021-05-21T14:51:29","modified_gmt":"2021-05-21T17:51:29","slug":"alunas-da-tvtec-falam-sobre-as-dificuldades-de-empreender-na-pandemia","status":"publish","type":"post","link":"https:\/\/tvtecjundiai.com.br\/news\/2021\/05\/21\/alunas-da-tvtec-falam-sobre-as-dificuldades-de-empreender-na-pandemia\/","title":{"rendered":"Alunas da TVTEC falam sobre as dificuldades de empreender na pandemia"},"content":{"rendered":"\n<p>Todo mundo sabe que gerir um neg\u00f3cio n\u00e3o \u00e9 tarefa f\u00e1cil. Gerir um neg\u00f3cio em plena pandemia, ent\u00e3o, \u00e9 uma tarefa digna de H\u00e9rcules. As alunas da TVTEC, Dayana Maria Santos, de 33 anos e Lilian Ferret, de 52, contam como, cada uma \u00e0 sua maneira, lida com as dificuldades de manterem seus neg\u00f3cios em um panorama de incertezas.<\/p>\n\n\n\n<p>\u201cEst\u00e1 sendo bem desafiador gerir o est\u00fadio durante a pandemia\u201d, conta Lilian, que possui um est\u00fadio de jazz e ballet em Jundia\u00ed. Ela \u00e9 mais um exemplo de como as escolas tiveram que mudar seus m\u00e9todos de ensino. \u201cAs alunas est\u00e3o se adaptando \u00e0s aulas online, presenciais e h\u00edbridas\u201d, diz.<\/p>\n\n\n\n<p>J\u00e1 a micropigmentadora Dayana teve que apostar em outras maneiras de ganhar renda, j\u00e1 que a sua profiss\u00e3o depende exclusivamente do contato f\u00edsico. \u201cIniciei com vendas diretas at\u00e9 mesmo para gerar um extra, uma vez que minha renda foi \u00e0 zero\u201d, desabafa.<\/p>\n\n\n\n<p>As duas tiveram que encontrar meios de se manter durante a pandemia. \u201cCom o retorno das atividades estou conciliando os atendimentos com as vendas\u201d, conta Dayana. J\u00e1 Lilian teve que apostar em muita criatividade para entreter suas alunas, principalmente as crian\u00e7as. \u201cPrincipalmente o infantil, tivemos que mudar bastante o formato, pois as alunas n\u00e3o podem ter contato f\u00edsico\u201d, diz. O jeito foi criar conte\u00fados diferentes para oferecer aos alunos, como aulas de maquiagem e aulas de figurino.<\/p>\n\n\n\n<figure class=\"wp-block-image size-large\"><img loading=\"lazy\" decoding=\"async\" width=\"1200\" height=\"675\" src=\"https:\/\/tvtecjundiai.com.br\/news\/wp-content\/uploads\/sites\/2\/2021\/05\/alunastvtec-1200x675.png\" alt=\"\" class=\"wp-image-76198\" srcset=\"https:\/\/tvtecjundiai.com.br\/news\/wp-content\/uploads\/sites\/2\/2021\/05\/alunastvtec-1200x675.png 1200w, https:\/\/tvtecjundiai.com.br\/news\/wp-content\/uploads\/sites\/2\/2021\/05\/alunastvtec-300x169.png 300w, https:\/\/tvtecjundiai.com.br\/news\/wp-content\/uploads\/sites\/2\/2021\/05\/alunastvtec-768x432.png 768w, https:\/\/tvtecjundiai.com.br\/news\/wp-content\/uploads\/sites\/2\/2021\/05\/alunastvtec.png 1280w\" sizes=\"auto, (max-width: 1200px) 100vw, 1200px\" \/><figcaption>Dayana e Lilian: alunas da TVTEC contam como superaram as dificuldades nos neg\u00f3cios durante a pandemia<\/figcaption><\/figure>\n\n\n\n<p>Dayana, que deixou de ser enfermeira para apostar em um neg\u00f3cio pr\u00f3prio, decidiu n\u00e3o ficar parada durante a pandemia e apostou em cursos, como o da TVTEC. \u201cSempre estou buscando conhecimento, me atualizado e trazendo novidades\u201d. A professora de ballet tamb\u00e9m viu nas redes sociais uma oportunidade de adquirir mais conhecimento. \u201cAdorei os cursos da TVTEC, quero poder fazer mais, nesse momento de se reinventar, aprender novas tecnologias \u00e9 sempre bom\u201d.<\/p>\n\n\n\n<p>Mas, apesar de todas as dificuldades, as duas empreendedoras contam que, no final, o importante \u00e9 trabalhar com o que se gosta. \u201cSentimos que a dan\u00e7a tem sido um conforto para as crian\u00e7as, adolescentes e adultos, uma maneira delas interagirem e\u00a0 exercitarem, deixando a vida um pouquinho mais leve\u201d conta Lilian. J\u00e1 para Dayana, a micropigmenta\u00e7\u00e3o foi uma descoberta que veio para ficar, \u201c\u00e9 uma \u00e1rea que sou apaixonada\u201d.<\/p>\n\n\n\n<p><em>(Texto: TVTEC\/Imagem: Arquivo Pessoal)<\/em><\/p>\n","protected":false},"excerpt":{"rendered":"<p>Alunas da TVTEC contam como est\u00e3o se virando durante a crise do Coronav\u00edrus<\/p>\n","protected":false},"author":28,"featured_media":76198,"comment_status":"closed","ping_status":"closed","sticky":false,"template":"","format":"standard","meta":{"footnotes":""},"categories":[8356,1],"tags":[],"class_list":["post-76197","post","type-post","status-publish","format-standard","has-post-thumbnail","hentry","category-jundiai","category-noticias"],"_links":{"self":[{"href":"https:\/\/tvtecjundiai.com.br\/news\/wp-json\/wp\/v2\/posts\/76197","targetHints":{"allow":["GET"]}}],"collection":[{"href":"https:\/\/tvtecjundiai.com.br\/news\/wp-json\/wp\/v2\/posts"}],"about":[{"href":"https:\/\/tvtecjundiai.com.br\/news\/wp-json\/wp\/v2\/types\/post"}],"author":[{"embeddable":true,"href":"https:\/\/tvtecjundiai.com.br\/news\/wp-json\/wp\/v2\/users\/28"}],"replies":[{"embeddable":true,"href":"https:\/\/tvtecjundiai.com.br\/news\/wp-json\/wp\/v2\/comments?post=76197"}],"version-history":[{"count":1,"href":"https:\/\/tvtecjundiai.com.br\/news\/wp-json\/wp\/v2\/posts\/76197\/revisions"}],"predecessor-version":[{"id":76199,"href":"https:\/\/tvtecjundiai.com.br\/news\/wp-json\/wp\/v2\/posts\/76197\/revisions\/76199"}],"wp:featuredmedia":[{"embeddable":true,"href":"https:\/\/tvtecjundiai.com.br\/news\/wp-json\/wp\/v2\/media\/76198"}],"wp:attachment":[{"href":"https:\/\/tvtecjundiai.com.br\/news\/wp-json\/wp\/v2\/media?parent=76197"}],"wp:term":[{"taxonomy":"category","embeddable":true,"href":"https:\/\/tvtecjundiai.com.br\/news\/wp-json\/wp\/v2\/categories?post=76197"},{"taxonomy":"post_tag","embeddable":true,"href":"https:\/\/tvtecjundiai.com.br\/news\/wp-json\/wp\/v2\/tags?post=76197"}],"curies":[{"name":"wp","href":"https:\/\/api.w.org\/{rel}","templated":true}]}}