{"id":76200,"date":"2021-05-21T15:35:14","date_gmt":"2021-05-21T18:35:14","guid":{"rendered":"https:\/\/tvtecjundiai.com.br\/news\/?p=76200"},"modified":"2021-05-21T16:23:10","modified_gmt":"2021-05-21T19:23:10","slug":"depois-de-51-dias-internada-dona-margarida-vence-a-covid-19-1","status":"publish","type":"post","link":"https:\/\/tvtecjundiai.com.br\/news\/2021\/05\/21\/depois-de-51-dias-internada-dona-margarida-vence-a-covid-19-1\/","title":{"rendered":"Depois de 51 dias internada, Dona Margarida vence a COVID-19"},"content":{"rendered":"\n<p>A jundiaiense Margarida Santos da Silva foi uma das pessoas que contra\u00edram o v\u00edrus da COVID-19, passou por complica\u00e7\u00f5es e teve que ser intubada. Foram momentos de ang\u00fastia para ela e para toda a fam\u00edlia. \u201cMe puseram na ambul\u00e2ncia, desci para o quarto feminino, a\u00ed eu s\u00f3 vi at\u00e9 a\u00ed, eu n\u00e3o vi mais nada\u201d, lembra.<\/p>\n\n\n\n<p>Foram 51 dias internada, sendo que 20 desses foram na UTI do Hospital S\u00e3o Vicente de Paulo. \u201cEu estava na casa da minha filha e comecei a sentir dor de cabe\u00e7a. Me levaram no m\u00e9dico, chegou l\u00e1 minha satura\u00e7\u00e3o estava baixa, estava 85 e eu fiquei internada\u201d, conta dona Margarida.<\/p>\n\n\n\n<p>Enquanto isso, a fam\u00edlia sofria em aguardar not\u00edcias da matriarca. \u201cO m\u00e1ximo que eles passavam por liga\u00e7\u00e3o era o b\u00e1sico\u201d, conta a filha Vanessa. \u201cNo primeiro momento que ela internou a gente j\u00e1 ficou com muito medo porque ela \u00e9 obesa, hipertensa, diab\u00e9tica\u201d, lembra a outra filha, Charlene. E quando a m\u00e3e foi para a UTI, foi o momento de preocupa\u00e7\u00e3o para todos. \u201cQuando ela foi para a UTI foi o momento que a gente ficou muito neutralizado\u201d, diz Charlene.<\/p>\n\n\n\n<div class=\"wp-block-image\"><figure class=\"aligncenter size-large is-resized\"><img loading=\"lazy\" decoding=\"async\" src=\"https:\/\/tvtecjundiai.com.br\/news\/wp-content\/uploads\/sites\/2\/2021\/05\/margarida-454x960.jpg\" alt=\"\" class=\"wp-image-76201\" width=\"354\" height=\"749\" srcset=\"https:\/\/tvtecjundiai.com.br\/news\/wp-content\/uploads\/sites\/2\/2021\/05\/margarida-454x960.jpg 454w, https:\/\/tvtecjundiai.com.br\/news\/wp-content\/uploads\/sites\/2\/2021\/05\/margarida-237x500.jpg 237w, https:\/\/tvtecjundiai.com.br\/news\/wp-content\/uploads\/sites\/2\/2021\/05\/margarida-768x1623.jpg 768w, https:\/\/tvtecjundiai.com.br\/news\/wp-content\/uploads\/sites\/2\/2021\/05\/margarida-727x1536.jpg 727w, https:\/\/tvtecjundiai.com.br\/news\/wp-content\/uploads\/sites\/2\/2021\/05\/margarida.jpg 969w\" sizes=\"auto, (max-width: 354px) 100vw, 354px\" \/><figcaption>Dona Margarida: depois do susto, a imuniza\u00e7\u00e3o<\/figcaption><\/figure><\/div>\n\n\n\n<p>Como dona Margarida precisou ser intubada e teve o coma induzido, os m\u00e9dicos chegaram a dizer \u00e0 fam\u00edlia para ficarem preparados para qualquer contratempo. \u201cOs m\u00e9dicos chegaram a dizer para a gente manter o p\u00e9 no ch\u00e3o, porque o caso dela era complicado\u201d.<\/p>\n\n\n\n<p>O principal sentimento que passava na cabe\u00e7a de dona Margarida era que, talvez, ela n\u00e3o pudesse mais ver sua fam\u00edlia. \u201cQuando eu estava no quarto da UTI, eu pensava que nunca mais ia ver meus netos\u201d, se emociona.<\/p>\n\n\n\n<p>Depois de todo o transtorno, e j\u00e1 recuperada, dona Margarida s\u00f3 pensa em ficar pr\u00f3xima das pessoas que mais ama. \u201cHoje eu penso em aproveitar o m\u00e1ximo que eu puder perto deles, estar perto deles e n\u00e3o perder nenhum pouco\u201d, diz.<\/p>\n\n\n\n<p><em>(Texto: TVTEC\/Imagem: Arquivo Pessoal)<\/em><\/p>\n\n\n\n<figure class=\"wp-block-embed is-type-video is-provider-youtube wp-block-embed-youtube wp-embed-aspect-16-9 wp-has-aspect-ratio\"><div class=\"wp-block-embed__wrapper\">\n<iframe loading=\"lazy\" title=\"Paciente conta como se recuperou da Covid-19\" width=\"500\" height=\"281\" src=\"https:\/\/www.youtube.com\/embed\/rKGmPa3hLWA?feature=oembed\" frameborder=\"0\" allow=\"accelerometer; autoplay; clipboard-write; encrypted-media; gyroscope; picture-in-picture; web-share\" referrerpolicy=\"strict-origin-when-cross-origin\" allowfullscreen><\/iframe>\n<\/div><\/figure>\n","protected":false},"excerpt":{"rendered":"<p>Foram 20 dias na UTI do Hospital S\u00e3o Vicente lutando contra o v\u00edrus e com muitas incertezas<\/p>\n","protected":false},"author":28,"featured_media":76208,"comment_status":"closed","ping_status":"closed","sticky":false,"template":"","format":"standard","meta":{"footnotes":""},"categories":[8356,1],"tags":[],"class_list":["post-76200","post","type-post","status-publish","format-standard","has-post-thumbnail","hentry","category-jundiai","category-noticias"],"_links":{"self":[{"href":"https:\/\/tvtecjundiai.com.br\/news\/wp-json\/wp\/v2\/posts\/76200","targetHints":{"allow":["GET"]}}],"collection":[{"href":"https:\/\/tvtecjundiai.com.br\/news\/wp-json\/wp\/v2\/posts"}],"about":[{"href":"https:\/\/tvtecjundiai.com.br\/news\/wp-json\/wp\/v2\/types\/post"}],"author":[{"embeddable":true,"href":"https:\/\/tvtecjundiai.com.br\/news\/wp-json\/wp\/v2\/users\/28"}],"replies":[{"embeddable":true,"href":"https:\/\/tvtecjundiai.com.br\/news\/wp-json\/wp\/v2\/comments?post=76200"}],"version-history":[{"count":1,"href":"https:\/\/tvtecjundiai.com.br\/news\/wp-json\/wp\/v2\/posts\/76200\/revisions"}],"predecessor-version":[{"id":76202,"href":"https:\/\/tvtecjundiai.com.br\/news\/wp-json\/wp\/v2\/posts\/76200\/revisions\/76202"}],"wp:featuredmedia":[{"embeddable":true,"href":"https:\/\/tvtecjundiai.com.br\/news\/wp-json\/wp\/v2\/media\/76208"}],"wp:attachment":[{"href":"https:\/\/tvtecjundiai.com.br\/news\/wp-json\/wp\/v2\/media?parent=76200"}],"wp:term":[{"taxonomy":"category","embeddable":true,"href":"https:\/\/tvtecjundiai.com.br\/news\/wp-json\/wp\/v2\/categories?post=76200"},{"taxonomy":"post_tag","embeddable":true,"href":"https:\/\/tvtecjundiai.com.br\/news\/wp-json\/wp\/v2\/tags?post=76200"}],"curies":[{"name":"wp","href":"https:\/\/api.w.org\/{rel}","templated":true}]}}