{"id":76203,"date":"2021-05-21T16:21:55","date_gmt":"2021-05-21T19:21:55","guid":{"rendered":"https:\/\/tvtecjundiai.com.br\/news\/?p=76203"},"modified":"2021-05-21T16:22:52","modified_gmt":"2021-05-21T19:22:52","slug":"gestantes-e-puerperas-com-comorbidades-recebem-primeira-dose-contra-covid-19-1","status":"publish","type":"post","link":"https:\/\/tvtecjundiai.com.br\/news\/2021\/05\/21\/gestantes-e-puerperas-com-comorbidades-recebem-primeira-dose-contra-covid-19-1\/","title":{"rendered":"Gestantes e pu\u00e9rperas com comorbidades recebem primeira dose contra COVID-19 em Jundia\u00ed"},"content":{"rendered":"\n<p>Poliana Silva Oliveira, 34 anos, moradora no Caxambu, teve a segunda filha h\u00e1 34 dias. Pu\u00e9rpera, tomou a vacina por conviver com v\u00e1rias comorbidades como l\u00fapus, s\u00edndrome de joubert, diabetes e precisou tomar inje\u00e7\u00f5es anticoagulantes ao longo da gesta\u00e7\u00e3o inteira. \u201cHoje, tomar essa vacina, \u00e9 uma vit\u00f3ria. Eu recebi picadas de agulhas diariamente, ao longo das 38 semanas de gesta\u00e7\u00e3o, que foi dif\u00edcil e complicada, n\u00e3o somente pelas minhas doen\u00e7as, mas pela pandemia do Novo Coronav\u00edrus. Sinto esperan\u00e7a e paz para poder cuidar da minha fam\u00edlia e da minha filha, que tem um probleminha no cora\u00e7\u00e3o\u201d, comenta a dona de casa que recebeu a primeira dose de vacina Coronavac, contra a COVID-19, na manh\u00e3 desta sexta-feira (21), no Ambulat\u00f3rio de Sa\u00fade da Mulher, localizado no complexo do Hospital Universit\u00e1rio (HU).<\/p>\n\n\n\n<p>Marina Marchi, gr\u00e1vida de 23 semanas, \u00e9 hipertensa. \u201cA vacina acalma o cora\u00e7\u00e3o. As gestantes que possuem comorbidades devem fazer o agendamento para a vacina. \u00c9 uma picadinha que n\u00e3o d\u00f3i nada, mas que d\u00e1 um grande al\u00edvio\u201d, comenta a mo\u00e7a, logo ap\u00f3s receber a primeira dose da vacina.<\/p>\n\n\n\n<figure class=\"wp-block-image size-large\"><img loading=\"lazy\" decoding=\"async\" width=\"1200\" height=\"839\" src=\"https:\/\/tvtecjundiai.com.br\/news\/wp-content\/uploads\/sites\/2\/2021\/05\/poliana-1200x839.jpg\" alt=\"\" class=\"wp-image-76204\" srcset=\"https:\/\/tvtecjundiai.com.br\/news\/wp-content\/uploads\/sites\/2\/2021\/05\/poliana-1200x839.jpg 1200w, https:\/\/tvtecjundiai.com.br\/news\/wp-content\/uploads\/sites\/2\/2021\/05\/poliana-300x210.jpg 300w, https:\/\/tvtecjundiai.com.br\/news\/wp-content\/uploads\/sites\/2\/2021\/05\/poliana-768x537.jpg 768w, https:\/\/tvtecjundiai.com.br\/news\/wp-content\/uploads\/sites\/2\/2021\/05\/poliana.jpg 1280w\" sizes=\"auto, (max-width: 1200px) 100vw, 1200px\" \/><figcaption>Poliana tomou a primeira dose contra COVID-19; gesta\u00e7\u00e3o dif\u00edcil resultou em complica\u00e7\u00f5es para ela e para a beb\u00ea<\/figcaption><\/figure>\n\n\n\n<p>A aplica\u00e7\u00e3o para as gestantes e pu\u00e9rperas com comorbidades e idades acima de 18 anos ter\u00e1 continuidade neste s\u00e1bado (22), em algumas Unidades B\u00e1sicas de Sa\u00fade (UBSs) da Prefeitura de Jundia\u00ed, mediante agendamento dispon\u00edvel no site e no APP Jundia\u00ed. Ainda existem vagas em aberto. Para registrar, basta acessar os canais e registrar os dados solicitados. No dia da aplica\u00e7\u00e3o, n\u00e3o esquecer de levar a documenta\u00e7\u00e3o necess\u00e1ria:<\/p>\n\n\n\n<p><strong>Para gestantes com comorbidades:<\/strong>&nbsp;apresentar no momento da vacina\u00e7\u00e3o comprovante do estado gestacional (ex. carteira de acompanhamento da gestante \/ pr\u00e9-natal, laudo m\u00e9dico), comprova\u00e7\u00e3o de resid\u00eancia em Jundia\u00ed e relat\u00f3rio m\u00e9dico com CID ou descri\u00e7\u00e3o da doen\u00e7a ou receita com medica\u00e7\u00e3o espec\u00edfica para a comorbidade.<\/p>\n\n\n\n<p><strong>Para pu\u00e9rperas com comorbidades:<\/strong>&nbsp;apresentar no momento da vacina\u00e7\u00e3o comprovante da fase de puerp\u00e9rio (ex. declara\u00e7\u00e3o de nascimento da crian\u00e7a, certid\u00e3o de nascimento), comprova\u00e7\u00e3o de resid\u00eancia em Jundia\u00ed e relat\u00f3rio m\u00e9dico com CID ou descri\u00e7\u00e3o da doen\u00e7a ou receita com medica\u00e7\u00e3o espec\u00edfica para a comorbidade.<\/p>\n\n\n\n<figure class=\"wp-block-image size-large\"><img loading=\"lazy\" decoding=\"async\" width=\"1200\" height=\"800\" src=\"https:\/\/tvtecjundiai.com.br\/news\/wp-content\/uploads\/sites\/2\/2021\/05\/vacinacao_covid_gestantes_hu-40-2-1200x800.jpg\" alt=\"\" class=\"wp-image-76205\" srcset=\"https:\/\/tvtecjundiai.com.br\/news\/wp-content\/uploads\/sites\/2\/2021\/05\/vacinacao_covid_gestantes_hu-40-2-1200x800.jpg 1200w, https:\/\/tvtecjundiai.com.br\/news\/wp-content\/uploads\/sites\/2\/2021\/05\/vacinacao_covid_gestantes_hu-40-2-300x200.jpg 300w, https:\/\/tvtecjundiai.com.br\/news\/wp-content\/uploads\/sites\/2\/2021\/05\/vacinacao_covid_gestantes_hu-40-2-768x512.jpg 768w, https:\/\/tvtecjundiai.com.br\/news\/wp-content\/uploads\/sites\/2\/2021\/05\/vacinacao_covid_gestantes_hu-40-2.jpg 1280w\" sizes=\"auto, (max-width: 1200px) 100vw, 1200px\" \/><figcaption>Aplica\u00e7\u00e3o da dose contra COVID-19 ser\u00e1 feita em UBSs, neste s\u00e1bado (22); agendamento est\u00e1 aberto no site da Prefeitura e no APP Jundia\u00ed<\/figcaption><\/figure>\n\n\n\n<p><em>(Texto\/Imagens: Prefeitura de Jundia\u00ed)<\/em><\/p>\n","protected":false},"excerpt":{"rendered":"<p>Aplica\u00e7\u00e3o para as gestantes e pu\u00e9rperas com comorbidades acima de 18 anos ter\u00e1 continuidade no s\u00e1bado (22)<\/p>\n","protected":false},"author":28,"featured_media":76204,"comment_status":"closed","ping_status":"closed","sticky":false,"template":"","format":"standard","meta":{"footnotes":""},"categories":[8356,1],"tags":[],"class_list":["post-76203","post","type-post","status-publish","format-standard","has-post-thumbnail","hentry","category-jundiai","category-noticias"],"_links":{"self":[{"href":"https:\/\/tvtecjundiai.com.br\/news\/wp-json\/wp\/v2\/posts\/76203","targetHints":{"allow":["GET"]}}],"collection":[{"href":"https:\/\/tvtecjundiai.com.br\/news\/wp-json\/wp\/v2\/posts"}],"about":[{"href":"https:\/\/tvtecjundiai.com.br\/news\/wp-json\/wp\/v2\/types\/post"}],"author":[{"embeddable":true,"href":"https:\/\/tvtecjundiai.com.br\/news\/wp-json\/wp\/v2\/users\/28"}],"replies":[{"embeddable":true,"href":"https:\/\/tvtecjundiai.com.br\/news\/wp-json\/wp\/v2\/comments?post=76203"}],"version-history":[{"count":2,"href":"https:\/\/tvtecjundiai.com.br\/news\/wp-json\/wp\/v2\/posts\/76203\/revisions"}],"predecessor-version":[{"id":76207,"href":"https:\/\/tvtecjundiai.com.br\/news\/wp-json\/wp\/v2\/posts\/76203\/revisions\/76207"}],"wp:featuredmedia":[{"embeddable":true,"href":"https:\/\/tvtecjundiai.com.br\/news\/wp-json\/wp\/v2\/media\/76204"}],"wp:attachment":[{"href":"https:\/\/tvtecjundiai.com.br\/news\/wp-json\/wp\/v2\/media?parent=76203"}],"wp:term":[{"taxonomy":"category","embeddable":true,"href":"https:\/\/tvtecjundiai.com.br\/news\/wp-json\/wp\/v2\/categories?post=76203"},{"taxonomy":"post_tag","embeddable":true,"href":"https:\/\/tvtecjundiai.com.br\/news\/wp-json\/wp\/v2\/tags?post=76203"}],"curies":[{"name":"wp","href":"https:\/\/api.w.org\/{rel}","templated":true}]}}