{"id":76209,"date":"2021-05-21T16:38:12","date_gmt":"2021-05-21T19:38:12","guid":{"rendered":"https:\/\/tvtecjundiai.com.br\/news\/?p=76209"},"modified":"2021-05-21T16:38:12","modified_gmt":"2021-05-21T19:38:12","slug":"campanha-de-inverno-de-jundiai-comeca-oficialmente-na-segunda-feira-24","status":"publish","type":"post","link":"https:\/\/tvtecjundiai.com.br\/news\/2021\/05\/21\/campanha-de-inverno-de-jundiai-comeca-oficialmente-na-segunda-feira-24\/","title":{"rendered":"Campanha de Inverno de Jundia\u00ed come\u00e7a oficialmente na segunda-feira (24)"},"content":{"rendered":"\n<p>Tem in\u00edcio, oficialmente, na pr\u00f3xima segunda-feira (24), a Campanha de Inverno de Jundia\u00ed. A a\u00e7\u00e3o \u00e9 uma realiza\u00e7\u00e3o da Prefeitura de Jundia\u00ed, por meio do Fundo Social de Solidariedade (Funss), e visa o atendimento \u00e0s pessoas em situa\u00e7\u00e3o de vulnerabilidade com a doa\u00e7\u00e3o de roupas, cobertores e cal\u00e7ados novos e usados em bom estado.<\/p>\n\n\n\n<p>Pelo quinto ano consecutivo, a Campanha conta com a participa\u00e7\u00e3o do cantor Daniel, que cedeu a sua imagem gratuitamente para todo o material de divulga\u00e7\u00e3o. \u201cJundia\u00ed se identifica com o artista, que tem v\u00ednculos com o munic\u00edpio. \u00c9 uma alegria contar com o apoio dele, uma vez que sua participa\u00e7\u00e3o refor\u00e7a o trabalho do Fundo Social e aumenta o engajamento da popula\u00e7\u00e3o\u201d, disse o prefeito Luiz Fernando Machado.<\/p>\n\n\n\n<figure class=\"wp-block-image size-large\"><img loading=\"lazy\" decoding=\"async\" width=\"960\" height=\"960\" src=\"https:\/\/tvtecjundiai.com.br\/news\/wp-content\/uploads\/sites\/2\/2021\/05\/post_campanha_inverno2021-960x960.png\" alt=\"\" class=\"wp-image-76210\" srcset=\"https:\/\/tvtecjundiai.com.br\/news\/wp-content\/uploads\/sites\/2\/2021\/05\/post_campanha_inverno2021-960x960.png 960w, https:\/\/tvtecjundiai.com.br\/news\/wp-content\/uploads\/sites\/2\/2021\/05\/post_campanha_inverno2021-300x300.png 300w, https:\/\/tvtecjundiai.com.br\/news\/wp-content\/uploads\/sites\/2\/2021\/05\/post_campanha_inverno2021-100x100.png 100w, https:\/\/tvtecjundiai.com.br\/news\/wp-content\/uploads\/sites\/2\/2021\/05\/post_campanha_inverno2021-768x768.png 768w, https:\/\/tvtecjundiai.com.br\/news\/wp-content\/uploads\/sites\/2\/2021\/05\/post_campanha_inverno2021.png 1000w\" sizes=\"auto, (max-width: 960px) 100vw, 960px\" \/><figcaption>Campanha de Inverno conta, novamente, com a participa\u00e7\u00e3o gratuita do cantor Daniel<\/figcaption><\/figure>\n\n\n\n<p>A exemplo dos anos anteriores, a Campanha de Inverno 2021 ocorre, em Jundia\u00ed, por meio de duas frentes de trabalho. A primeira \u00e9 desenvolvida a partir das doa\u00e7\u00f5es espont\u00e2neas feitas nos postos de coleta e atender\u00e1 pessoas em situa\u00e7\u00e3o de vulnerabilidade social, independentemente de idade. \u201cEm fun\u00e7\u00e3o da pandemia e da dificuldade enfrentada por muitas pessoas, estamos refor\u00e7ando os pontos de arrecada\u00e7\u00e3o, principalmente, em condom\u00ednios residenciais e empresariais, \u00f3rg\u00e3os p\u00fablicos, ind\u00fastrias e os estabelecimentos autorizados\u201d, explicou Vanessa Machado, presidente do Fundo Social.<\/p>\n\n\n\n<p>J\u00e1 a segunda parte da Campanha envolver\u00e1 o atendimento de crian\u00e7as de zero a 12 anos, que vistam at\u00e9 o tamanho 14, assistidas por entidades de Jundia\u00ed, previamente cadastradas, com a doa\u00e7\u00e3o de agasalhos novos adquiridos pela Prefeitura de Jundia\u00ed. Neste ano, a expectativa \u00e9 de atender mais de 10 mil crian\u00e7as.<\/p>\n\n\n\n<figure class=\"wp-block-image size-large\"><img loading=\"lazy\" decoding=\"async\" width=\"1200\" height=\"800\" src=\"https:\/\/tvtecjundiai.com.br\/news\/wp-content\/uploads\/sites\/2\/2021\/05\/inverno_doacoes-1200x800.jpg\" alt=\"\" class=\"wp-image-76211\" srcset=\"https:\/\/tvtecjundiai.com.br\/news\/wp-content\/uploads\/sites\/2\/2021\/05\/inverno_doacoes-1200x800.jpg 1200w, https:\/\/tvtecjundiai.com.br\/news\/wp-content\/uploads\/sites\/2\/2021\/05\/inverno_doacoes-300x200.jpg 300w, https:\/\/tvtecjundiai.com.br\/news\/wp-content\/uploads\/sites\/2\/2021\/05\/inverno_doacoes-768x512.jpg 768w, https:\/\/tvtecjundiai.com.br\/news\/wp-content\/uploads\/sites\/2\/2021\/05\/inverno_doacoes.jpg 1280w\" sizes=\"auto, (max-width: 1200px) 100vw, 1200px\" \/><figcaption>Podem ser feitas doa\u00e7\u00f5es de roupas, cal\u00e7ados e cobertores novos ou usados em bom estado<\/figcaption><\/figure>\n\n\n\n<p><strong>Onde doar?<\/strong><\/p>\n\n\n\n<p>Al\u00e9m do Fundo Social de Solidariedade, que \u00e9 ponto permanente de arrecada\u00e7\u00e3o de doa\u00e7\u00f5es no munic\u00edpio, a popula\u00e7\u00e3o poder\u00e1 fazer a sua doa\u00e7\u00e3o nos postos de coleta distribu\u00eddos pela cidade. A lista com os endere\u00e7os fica dispon\u00edvel no site da Campanha de Inverno 2021. Para ser um posto de arrecada\u00e7\u00e3o, basta entrar em contato com o Funss pelos telefones (11) 4521-2762, 4521-2929 e 4521-6833.<\/p>\n\n\n\n<p>O Fundo Social de Solidariedade est\u00e1 localizado dentro do Parque da Uva. O acesso \u00e9 pela avenida Dona Manoela Lacerda de Vergueiro, s\/n, port\u00e3o 03, bairro Anhangaba\u00fa. O funcionamento da unidade \u00e9 de segunda a sexta-feira, das 8h \u00e0s 17h, exceto feriados.<\/p>\n\n\n\n<p><em>(Texto\/Imagem: Prefeitura de Jundia\u00ed)<\/em><\/p>\n","protected":false},"excerpt":{"rendered":"<p>A a\u00e7\u00e3o \u00e9 uma realiza\u00e7\u00e3o da Prefeitura de Jundia\u00ed, por meio do Fundo Social de Solidariedade (Funss)<\/p>\n","protected":false},"author":28,"featured_media":76211,"comment_status":"closed","ping_status":"closed","sticky":false,"template":"","format":"standard","meta":{"footnotes":""},"categories":[8356,1],"tags":[],"class_list":["post-76209","post","type-post","status-publish","format-standard","has-post-thumbnail","hentry","category-jundiai","category-noticias"],"_links":{"self":[{"href":"https:\/\/tvtecjundiai.com.br\/news\/wp-json\/wp\/v2\/posts\/76209","targetHints":{"allow":["GET"]}}],"collection":[{"href":"https:\/\/tvtecjundiai.com.br\/news\/wp-json\/wp\/v2\/posts"}],"about":[{"href":"https:\/\/tvtecjundiai.com.br\/news\/wp-json\/wp\/v2\/types\/post"}],"author":[{"embeddable":true,"href":"https:\/\/tvtecjundiai.com.br\/news\/wp-json\/wp\/v2\/users\/28"}],"replies":[{"embeddable":true,"href":"https:\/\/tvtecjundiai.com.br\/news\/wp-json\/wp\/v2\/comments?post=76209"}],"version-history":[{"count":1,"href":"https:\/\/tvtecjundiai.com.br\/news\/wp-json\/wp\/v2\/posts\/76209\/revisions"}],"predecessor-version":[{"id":76212,"href":"https:\/\/tvtecjundiai.com.br\/news\/wp-json\/wp\/v2\/posts\/76209\/revisions\/76212"}],"wp:featuredmedia":[{"embeddable":true,"href":"https:\/\/tvtecjundiai.com.br\/news\/wp-json\/wp\/v2\/media\/76211"}],"wp:attachment":[{"href":"https:\/\/tvtecjundiai.com.br\/news\/wp-json\/wp\/v2\/media?parent=76209"}],"wp:term":[{"taxonomy":"category","embeddable":true,"href":"https:\/\/tvtecjundiai.com.br\/news\/wp-json\/wp\/v2\/categories?post=76209"},{"taxonomy":"post_tag","embeddable":true,"href":"https:\/\/tvtecjundiai.com.br\/news\/wp-json\/wp\/v2\/tags?post=76209"}],"curies":[{"name":"wp","href":"https:\/\/api.w.org\/{rel}","templated":true}]}}