{"id":76213,"date":"2021-05-21T16:54:03","date_gmt":"2021-05-21T19:54:03","guid":{"rendered":"https:\/\/tvtecjundiai.com.br\/news\/?p=76213"},"modified":"2021-05-21T16:54:03","modified_gmt":"2021-05-21T19:54:03","slug":"jundiai-recebe-6-530-doses-de-vacinas-contra-covid-19-nesta-sexta-feira-21","status":"publish","type":"post","link":"https:\/\/tvtecjundiai.com.br\/news\/2021\/05\/21\/jundiai-recebe-6-530-doses-de-vacinas-contra-covid-19-nesta-sexta-feira-21\/","title":{"rendered":"Jundia\u00ed recebe 6.530 doses de vacinas contra COVID-19 nesta sexta-feira (21)"},"content":{"rendered":"\n<p>A 25\u00aa grade de vacinas contra a COVID-19 \u2013 com 6.530 doses \u2013 fez a retirada com as equipes da Prefeitura de Jundia\u00ed, na Diretoria Regional de Sa\u00fade (DRS) de Campinas, nesta sexta-feira (21). As doses s\u00e3o destinadas para primeira dose de pessoas com comorbidades com 45 anos ou mais, pessoas que recebem Benef\u00edcio de Presta\u00e7\u00e3o Continuada (BPC) com 45 anos ou mais e para primeira e segunda dose de pessoas com 60 anos ou mais. As agendas ser\u00e3o abertas na pr\u00f3xima semana e amplamente divulgadas nas m\u00eddias oficiais.<\/p>\n\n\n\n<figure class=\"wp-block-image size-large\"><img loading=\"lazy\" decoding=\"async\" width=\"1200\" height=\"800\" src=\"https:\/\/tvtecjundiai.com.br\/news\/wp-content\/uploads\/sites\/2\/2021\/05\/chegada-vacina-covid-53-1200x800.jpg\" alt=\"\" class=\"wp-image-76214\" srcset=\"https:\/\/tvtecjundiai.com.br\/news\/wp-content\/uploads\/sites\/2\/2021\/05\/chegada-vacina-covid-53-1200x800.jpg 1200w, https:\/\/tvtecjundiai.com.br\/news\/wp-content\/uploads\/sites\/2\/2021\/05\/chegada-vacina-covid-53-300x200.jpg 300w, https:\/\/tvtecjundiai.com.br\/news\/wp-content\/uploads\/sites\/2\/2021\/05\/chegada-vacina-covid-53-768x512.jpg 768w, https:\/\/tvtecjundiai.com.br\/news\/wp-content\/uploads\/sites\/2\/2021\/05\/chegada-vacina-covid-53.jpg 1280w\" sizes=\"auto, (max-width: 1200px) 100vw, 1200px\" \/><figcaption>Nova remessa ter\u00e1 agendamento liberado na pr\u00f3xima semana, nos canais digitais da Prefeitura de Jundia\u00ed<\/figcaption><\/figure>\n\n\n\n<p>De acordo com a coordenadora da Vigil\u00e2ncia Epidemiol\u00f3gica (VE) da Prefeitura de Jundia\u00ed, Maria do Carmo Possidente, as doses s\u00e3o divididas entre AstraZeneca e Coronavac. \u201cAs agendas ser\u00e3o abertas na pr\u00f3xima semana, com a aplica\u00e7\u00e3o sequencial. \u00c9 essencial que a popula\u00e7\u00e3o se atente aos grupos adequados e \u00e0s documenta\u00e7\u00f5es necess\u00e1rias para fazer a inscri\u00e7\u00e3o\u201d, detalha.<\/p>\n\n\n\n<p><em>(Texto\/Imagem: Prefeitura de Jundia\u00ed)<\/em><\/p>\n","protected":false},"excerpt":{"rendered":"<p>As equipes da Prefeitura de Jundia\u00ed retiraram as doses na Diretoria Regional de Sa\u00fade (DRS) de Campinas<\/p>\n","protected":false},"author":28,"featured_media":76214,"comment_status":"closed","ping_status":"closed","sticky":false,"template":"","format":"standard","meta":{"footnotes":""},"categories":[8356,1],"tags":[],"class_list":["post-76213","post","type-post","status-publish","format-standard","has-post-thumbnail","hentry","category-jundiai","category-noticias"],"_links":{"self":[{"href":"https:\/\/tvtecjundiai.com.br\/news\/wp-json\/wp\/v2\/posts\/76213","targetHints":{"allow":["GET"]}}],"collection":[{"href":"https:\/\/tvtecjundiai.com.br\/news\/wp-json\/wp\/v2\/posts"}],"about":[{"href":"https:\/\/tvtecjundiai.com.br\/news\/wp-json\/wp\/v2\/types\/post"}],"author":[{"embeddable":true,"href":"https:\/\/tvtecjundiai.com.br\/news\/wp-json\/wp\/v2\/users\/28"}],"replies":[{"embeddable":true,"href":"https:\/\/tvtecjundiai.com.br\/news\/wp-json\/wp\/v2\/comments?post=76213"}],"version-history":[{"count":1,"href":"https:\/\/tvtecjundiai.com.br\/news\/wp-json\/wp\/v2\/posts\/76213\/revisions"}],"predecessor-version":[{"id":76215,"href":"https:\/\/tvtecjundiai.com.br\/news\/wp-json\/wp\/v2\/posts\/76213\/revisions\/76215"}],"wp:featuredmedia":[{"embeddable":true,"href":"https:\/\/tvtecjundiai.com.br\/news\/wp-json\/wp\/v2\/media\/76214"}],"wp:attachment":[{"href":"https:\/\/tvtecjundiai.com.br\/news\/wp-json\/wp\/v2\/media?parent=76213"}],"wp:term":[{"taxonomy":"category","embeddable":true,"href":"https:\/\/tvtecjundiai.com.br\/news\/wp-json\/wp\/v2\/categories?post=76213"},{"taxonomy":"post_tag","embeddable":true,"href":"https:\/\/tvtecjundiai.com.br\/news\/wp-json\/wp\/v2\/tags?post=76213"}],"curies":[{"name":"wp","href":"https:\/\/api.w.org\/{rel}","templated":true}]}}