{"id":76216,"date":"2021-05-21T17:18:55","date_gmt":"2021-05-21T20:18:55","guid":{"rendered":"https:\/\/tvtecjundiai.com.br\/news\/?p=76216"},"modified":"2021-05-21T17:26:02","modified_gmt":"2021-05-21T20:26:02","slug":"nesta-sexta-feira-21-sete-obitos-foram-contabilizados-pelo-covid-19-1","status":"publish","type":"post","link":"https:\/\/tvtecjundiai.com.br\/news\/2021\/05\/21\/nesta-sexta-feira-21-sete-obitos-foram-contabilizados-pelo-covid-19-1\/","title":{"rendered":"Nesta sexta-feira (21) sete \u00f3bitos foram contabilizados pelo COVID-19"},"content":{"rendered":"\n<p>A Prefeitura de Jundia\u00ed informa que, nesta sexta-feira (21), sete \u00f3bitos foram contabilizados de residentes na cidade causados pelo Novo Coronav\u00edrus.<\/p>\n\n\n\n<p>Mulher, 68 anos, portadora de doen\u00e7a cardiovascular cr\u00f4nica. Internou 20\/04 e faleceu 18\/05 em hospital privado da cidade.<\/p>\n\n\n\n<p>Mulher, 81 anos, portadora de doen\u00e7a neurol\u00f3gica cr\u00f4nica. Internou 11\/05 e faleceu 20\/05 em hospital privado da cidade.<\/p>\n\n\n\n<p>Homem, 38 anos, portador de doen\u00e7a cardiovascular cr\u00f4nica. Internou 17\/05 e faleceu 20\/05 no hospital S\u00e3o Vicente.<\/p>\n\n\n\n<p>Mulher, 42 anos, obesa e diab\u00e9tica. Internou 23\/04 e faleceu 20\/05 no hospital S\u00e3o Vicente.<\/p>\n\n\n\n<p>Homem, 60 anos, diab\u00e9tico. Internou 13\/05 e faleceu 20\/05 no hospital S\u00e3o Vicente.<\/p>\n\n\n\n<p>Mulher, 55 anos, obesa e portadora de doen\u00e7a cardiovascular cr\u00f4nica. Internou 15\/05 e faleceu 21\/05 no hospital S\u00e3o Vicente.<\/p>\n\n\n\n<p>Homem, 65 anos, portador de doen\u00e7a neurol\u00f3gica cr\u00f4nica. Internou 11\/05 e faleceu 21\/05 no hospital S\u00e3o Vicente.<\/p>\n\n\n\n<p>At\u00e9 o momento, a cidade registra 1153 \u00f3bitos causados pela COVID-19 desde o in\u00edcio da pandemia.<\/p>\n\n\n\n<figure class=\"wp-block-image size-large\"><img loading=\"lazy\" decoding=\"async\" width=\"960\" height=\"960\" src=\"https:\/\/tvtecjundiai.com.br\/news\/wp-content\/uploads\/sites\/2\/2021\/05\/slide1-7-960x960.jpg\" alt=\"\" class=\"wp-image-76217\" srcset=\"https:\/\/tvtecjundiai.com.br\/news\/wp-content\/uploads\/sites\/2\/2021\/05\/slide1-7-960x960.jpg 960w, https:\/\/tvtecjundiai.com.br\/news\/wp-content\/uploads\/sites\/2\/2021\/05\/slide1-7-300x300.jpg 300w, https:\/\/tvtecjundiai.com.br\/news\/wp-content\/uploads\/sites\/2\/2021\/05\/slide1-7-100x100.jpg 100w, https:\/\/tvtecjundiai.com.br\/news\/wp-content\/uploads\/sites\/2\/2021\/05\/slide1-7-768x768.jpg 768w, https:\/\/tvtecjundiai.com.br\/news\/wp-content\/uploads\/sites\/2\/2021\/05\/slide1-7.jpg 1365w\" sizes=\"auto, (max-width: 960px) 100vw, 960px\" \/><\/figure>\n\n\n\n<figure class=\"wp-block-image size-large\"><img loading=\"lazy\" decoding=\"async\" width=\"960\" height=\"960\" src=\"https:\/\/tvtecjundiai.com.br\/news\/wp-content\/uploads\/sites\/2\/2021\/05\/slide2-6-960x960.jpg\" alt=\"\" class=\"wp-image-76218\" srcset=\"https:\/\/tvtecjundiai.com.br\/news\/wp-content\/uploads\/sites\/2\/2021\/05\/slide2-6-960x960.jpg 960w, https:\/\/tvtecjundiai.com.br\/news\/wp-content\/uploads\/sites\/2\/2021\/05\/slide2-6-300x300.jpg 300w, https:\/\/tvtecjundiai.com.br\/news\/wp-content\/uploads\/sites\/2\/2021\/05\/slide2-6-100x100.jpg 100w, https:\/\/tvtecjundiai.com.br\/news\/wp-content\/uploads\/sites\/2\/2021\/05\/slide2-6-768x768.jpg 768w, https:\/\/tvtecjundiai.com.br\/news\/wp-content\/uploads\/sites\/2\/2021\/05\/slide2-6.jpg 1365w\" sizes=\"auto, (max-width: 960px) 100vw, 960px\" \/><\/figure>\n\n\n\n<p><em>(Texto\/Imagem: Prefeitura de Jundia\u00ed)<\/em><\/p>\n","protected":false},"excerpt":{"rendered":"<p>\u00d3bito mais jovem foi de homem de 38 anos, portador de doen\u00e7a cardiovascular cr\u00f4nica<\/p>\n","protected":false},"author":28,"featured_media":74779,"comment_status":"closed","ping_status":"closed","sticky":false,"template":"","format":"standard","meta":{"footnotes":""},"categories":[8356,1],"tags":[],"class_list":["post-76216","post","type-post","status-publish","format-standard","has-post-thumbnail","hentry","category-jundiai","category-noticias"],"_links":{"self":[{"href":"https:\/\/tvtecjundiai.com.br\/news\/wp-json\/wp\/v2\/posts\/76216","targetHints":{"allow":["GET"]}}],"collection":[{"href":"https:\/\/tvtecjundiai.com.br\/news\/wp-json\/wp\/v2\/posts"}],"about":[{"href":"https:\/\/tvtecjundiai.com.br\/news\/wp-json\/wp\/v2\/types\/post"}],"author":[{"embeddable":true,"href":"https:\/\/tvtecjundiai.com.br\/news\/wp-json\/wp\/v2\/users\/28"}],"replies":[{"embeddable":true,"href":"https:\/\/tvtecjundiai.com.br\/news\/wp-json\/wp\/v2\/comments?post=76216"}],"version-history":[{"count":2,"href":"https:\/\/tvtecjundiai.com.br\/news\/wp-json\/wp\/v2\/posts\/76216\/revisions"}],"predecessor-version":[{"id":76220,"href":"https:\/\/tvtecjundiai.com.br\/news\/wp-json\/wp\/v2\/posts\/76216\/revisions\/76220"}],"wp:featuredmedia":[{"embeddable":true,"href":"https:\/\/tvtecjundiai.com.br\/news\/wp-json\/wp\/v2\/media\/74779"}],"wp:attachment":[{"href":"https:\/\/tvtecjundiai.com.br\/news\/wp-json\/wp\/v2\/media?parent=76216"}],"wp:term":[{"taxonomy":"category","embeddable":true,"href":"https:\/\/tvtecjundiai.com.br\/news\/wp-json\/wp\/v2\/categories?post=76216"},{"taxonomy":"post_tag","embeddable":true,"href":"https:\/\/tvtecjundiai.com.br\/news\/wp-json\/wp\/v2\/tags?post=76216"}],"curies":[{"name":"wp","href":"https:\/\/api.w.org\/{rel}","templated":true}]}}