{"id":76221,"date":"2021-05-21T17:59:12","date_gmt":"2021-05-21T20:59:12","guid":{"rendered":"https:\/\/tvtecjundiai.com.br\/news\/?p=76221"},"modified":"2021-05-21T18:00:58","modified_gmt":"2021-05-21T21:00:58","slug":"estudante-de-jundiai-fica-em-terceiro-lugar-em-feira-internacional-de-ciencias-e-engenharia-1","status":"publish","type":"post","link":"https:\/\/tvtecjundiai.com.br\/news\/2021\/05\/21\/estudante-de-jundiai-fica-em-terceiro-lugar-em-feira-internacional-de-ciencias-e-engenharia-1\/","title":{"rendered":"Estudante de Jundia\u00ed fica em terceiro lugar em feira internacional de ci\u00eancias e engenharia"},"content":{"rendered":"\n<p>Cinco projetos cient\u00edficos do Brasil se destacaram na maior feira internacional de ci\u00eancias e engenharia: a Regeneron ISEF 2021, que terminou hoje (21\/5), nos Estados Unidos. Desenvolvidos por seis estudantes do ensino m\u00e9dio e t\u00e9cnico da Bahia, Paran\u00e1, Rio Grande do Sul e S\u00e3o Paulo, os projetos receberam alguns dos pr\u00eamios mais cobi\u00e7ados pelos 1.800 jovens, de 65 nacionalidades, que participaram da feira.<\/p>\n\n\n\n<p>Do Brasil, o destaque foi o projeto de a estudante de Jundia\u00ed (SP), Rafaela Curcio, que ficou em terceiro lugar na categoria &#8220;Engenharia Ambiental&#8221;. Outros tr\u00eas projetos ficaram em quarto lugar nas categorias &#8220;Ci\u00eancias Sociais e Comportamentais&#8221;, &#8220;Microbiologia&#8221; e &#8220;Bot\u00e2nica&#8221;. Eles foram desenvolvidos por estudantes das cidades de Os\u00f3rio (RS), Salvador (BA) e Toledo (PR). Al\u00e9m desses, o projeto de um estudante de S\u00e3o Paulo (SP) ganhou men\u00e7\u00e3o honrosa, concedida por um dos apoiadores do evento. Veja abaixo mais informa\u00e7\u00f5es sobre os projetos e seus autores.<\/p>\n\n\n\n<p>&#8220;Apesar de todas as dificuldades deste \u00faltimo ano, em meio \u00e0 pandemia e escolas fechadas, nossos professores orientadores e estudantes est\u00e3o de parab\u00e9ns, superaram as expectativas&#8221;, comemora Roseli Lopes, professora da Poli-USP e coordenadora geral da FEBRACE. &#8220;A delega\u00e7\u00e3o de estudantes brasileiros na Regeneron ISEF 2021 teve uma participa\u00e7\u00e3o brilhante, conquistando pr\u00eamios relevantes para o Brasil. \u00c9 uma amostra do talento dos nossos jovens em diversas \u00e1reas de Ci\u00eancias e Engenharia. S\u00e3o brasileiros que nos orgulham por sua resili\u00eancia e dedica\u00e7\u00e3o e que est\u00e3o trilhando caminhos de sucesso para o enfrentamento de desafios do presente e do futuro&#8221;, destaca.<\/p>\n\n\n\n<p>No total, foram apresentados e avaliados 1.480 projetos em 21 categorias. Os quatro primeiros colocados, em cada categoria, receberam de US$ 3.000 a US$ 500 como pr\u00eamios. Os estudantes foram julgados considerando os seguintes crit\u00e9rios: rigor cient\u00edfico, compet\u00eancia e clareza demonstrada no desenvolvimento dos projetos, al\u00e9m da capacidade criativa e pensamento cient\u00edfico dos estudantes.<\/p>\n\n\n\n<div class=\"wp-block-image\"><figure class=\"aligncenter size-large\"><img loading=\"lazy\" decoding=\"async\" width=\"408\" height=\"601\" src=\"https:\/\/tvtecjundiai.com.br\/news\/wp-content\/uploads\/sites\/2\/2021\/05\/rafaela.png\" alt=\"\" class=\"wp-image-76222\" srcset=\"https:\/\/tvtecjundiai.com.br\/news\/wp-content\/uploads\/sites\/2\/2021\/05\/rafaela.png 408w, https:\/\/tvtecjundiai.com.br\/news\/wp-content\/uploads\/sites\/2\/2021\/05\/rafaela-300x442.png 300w\" sizes=\"auto, (max-width: 408px) 100vw, 408px\" \/><figcaption>Rafaela Curcio, que ficou em terceiro lugar na categoria &#8220;Engenharia Ambiental&#8221;<\/figcaption><\/figure><\/div>\n\n\n\n<p>Por causa da pandemia da Covid-19, neste ano a mostra e a avalia\u00e7\u00e3o dos projetos na Regeneron ISEF foram realizados a dist\u00e2ncia. Por isso, para participar da feira, cada estudante brasileiro ganhou notebook, fone de ouvido, pacote de dados e uma camiseta, oferecidos pela Embaixada e Consulados dos Estados Unidos no Brasil que patrocinaram a delega\u00e7\u00e3o brasileira, composta por 14 estudantes que apresentaram nove projetos.<\/p>\n\n\n\n<p>Todos os projetos brasileiros que venceram na Regeneron ISEF 2021 foram selecionados pela Feira Brasileira de Ci\u00eancias e Engenharia (FEBRACE) &#8211; a principal mostra nacional de projetos cient\u00edficos, da qual participam estudantes do ensino fundamental, m\u00e9dio e t\u00e9cnico de todas as unidades da federa\u00e7\u00e3o. A FEBRACE \u00e9 filiada \u00e0 Society for Science, entidade que promove a Regeneron ISEF, e tem direito a indicar anualmente nove projetos para competirem na feira internacional. Os organizadores e patrocinadores da FEBRACE tamb\u00e9m acompanham os estudantes na competi\u00e7\u00e3o. Esta \u00e9 19\u00aa vez que os estudantes selecionados pela FEBRACE participam da Regeneron ISEF, acumulando um total 67 pr\u00eamios, sendo que em duas ocasi\u00f5es conquistaram o primeiro lugar.<\/p>\n\n\n\n<p><strong><br>OS VENCEDORES BRASILEIROS<br><br>Terceiro Lugar em Environmental Engineering (ENEV) &#8211; Pr\u00eamio de US$ 1.000<\/strong><br>Rafaela Curcio (18)<br>Projeto: An\u00e1lise de \u00e1gua automatizada: desenvolvimento de um drone \u00e0 base de microcontroladores<br>Orientadores: Jos\u00e9 Roberto Cunha Jr. e Ricardo Murilo de Paula<br>Escola: ETEC Benedito Storani, Jundia\u00ed &#8211; SP<br>Cidade: Jundia\u00ed, SP<\/p>\n\n\n\n<p>Quarto Lugar em Behavioral and Social Sciences (BEHA) &#8211; Pr\u00eamio de US$ 500<br>Vict\u00f3rya Leal Altmayer Silva (17)<br>Projeto: FIDERE: desenvolvimento de um App voltado \u00e0 economia circular de brech\u00f3s e associa\u00e7\u00f5es do litoral norte ga\u00facho<br>Orientadores: Fl\u00e1via Santos Twardowski Pinto e Cl\u00e1udius Jardel Soares<br>Escola: IFRS &#8211; Campus Os\u00f3rio, Os\u00f3rio &#8211; RS<br>Cidade: Os\u00f3rio, RS<\/p>\n\n\n\n<p>Quarto Lugar em Microbiology (MCRO) &#8211; Pr\u00eamio de US$ 500<br>Ana Carolina Gon\u00e7alves Selva (17)<br>Projeto: Potencial fungit\u00f3xico de diferentes extratos vegetais sobre o desenvolvimento in vitro do fitopat\u00f3geno causador da antracnose em frutos de bananeira &#8211; Fase IV<br>Orientadora: Dion\u00e9ia Schauren<br>Escola: Col\u00e9gio Estadual Jardim Porto Alegre &#8211; Unidade II, Toledo<br>Cidade: Toledo, PR<\/p>\n\n\n\n<p>Quarto Lugar em Plant Sciences (PLNT) &#8211; Pr\u00eamio de US$ 500<br>Nicole Melo de Almeida (18) e Yasmin Barreto Teles Fonseca (19)<br>Projeto: Tecnologia alternativa para aumento germinativo e potencializa\u00e7\u00e3o de compostos bioativos em culturas de coentro a partir da biomassa de Dunaliella salina incorporada ao biofilme polim\u00e9rico<br>Orientadores: Fernando Leal Barreiros Moutinho e Jamile da Cruz Caldas<br>Escola: SESI Piat\u00e3 &#8211; Escola Djalma Pessoa, Salvador &#8211; BA<br>Cidade: Salvador, BA<\/p>\n\n\n\n<p>Men\u00e7\u00e3o Honrosa da International Council on Systems Engineering &#8211; INCOSE<br>Henrique Rodrigues Hissa Amorim (16)<br>Projeto: Tecnologias imersivas no ensino de astrobiologia<br>Orientadores: Tiago Bode e Sandra Maria Rudella Tonidandel<br>Escola: Col\u00e9gio Dante Alighieri, S\u00e3o Paulo &#8211; SP<br>Cidade: S\u00e3o Paulo, SP<\/p>\n\n\n\n<p><em>(Texto: Assessoria de Imprensa\/Imagem: Arquivo Pessoal)<\/em><\/p>\n","protected":false},"excerpt":{"rendered":"<p>Rafaela Curcio ficou em terceiro lugar na categoria &#8220;Engenharia Ambiental&#8221; na feira Regeneron ISEF 2021<\/p>\n","protected":false},"author":28,"featured_media":76224,"comment_status":"closed","ping_status":"closed","sticky":false,"template":"","format":"standard","meta":{"footnotes":""},"categories":[8356,1],"tags":[],"class_list":["post-76221","post","type-post","status-publish","format-standard","has-post-thumbnail","hentry","category-jundiai","category-noticias"],"_links":{"self":[{"href":"https:\/\/tvtecjundiai.com.br\/news\/wp-json\/wp\/v2\/posts\/76221","targetHints":{"allow":["GET"]}}],"collection":[{"href":"https:\/\/tvtecjundiai.com.br\/news\/wp-json\/wp\/v2\/posts"}],"about":[{"href":"https:\/\/tvtecjundiai.com.br\/news\/wp-json\/wp\/v2\/types\/post"}],"author":[{"embeddable":true,"href":"https:\/\/tvtecjundiai.com.br\/news\/wp-json\/wp\/v2\/users\/28"}],"replies":[{"embeddable":true,"href":"https:\/\/tvtecjundiai.com.br\/news\/wp-json\/wp\/v2\/comments?post=76221"}],"version-history":[{"count":1,"href":"https:\/\/tvtecjundiai.com.br\/news\/wp-json\/wp\/v2\/posts\/76221\/revisions"}],"predecessor-version":[{"id":76223,"href":"https:\/\/tvtecjundiai.com.br\/news\/wp-json\/wp\/v2\/posts\/76221\/revisions\/76223"}],"wp:featuredmedia":[{"embeddable":true,"href":"https:\/\/tvtecjundiai.com.br\/news\/wp-json\/wp\/v2\/media\/76224"}],"wp:attachment":[{"href":"https:\/\/tvtecjundiai.com.br\/news\/wp-json\/wp\/v2\/media?parent=76221"}],"wp:term":[{"taxonomy":"category","embeddable":true,"href":"https:\/\/tvtecjundiai.com.br\/news\/wp-json\/wp\/v2\/categories?post=76221"},{"taxonomy":"post_tag","embeddable":true,"href":"https:\/\/tvtecjundiai.com.br\/news\/wp-json\/wp\/v2\/tags?post=76221"}],"curies":[{"name":"wp","href":"https:\/\/api.w.org\/{rel}","templated":true}]}}