{"id":76225,"date":"2021-05-22T09:25:36","date_gmt":"2021-05-22T12:25:36","guid":{"rendered":"https:\/\/tvtecjundiai.com.br\/news\/?p=76225"},"modified":"2021-05-22T09:25:36","modified_gmt":"2021-05-22T12:25:36","slug":"decreto-amplia-horario-de-funcionamento-do-comercio-ate-22h","status":"publish","type":"post","link":"https:\/\/tvtecjundiai.com.br\/news\/2021\/05\/22\/decreto-amplia-horario-de-funcionamento-do-comercio-ate-22h\/","title":{"rendered":"Decreto amplia hor\u00e1rio de funcionamento do com\u00e9rcio at\u00e9 22h"},"content":{"rendered":"\n<p>Jundia\u00ed publicou nesta sexta-feira (21) um decreto que permite a amplia\u00e7\u00e3o do hor\u00e1rio de funcionamento de com\u00e9rcios de rua, podendo funcionar a partir das 6h e com prazo m\u00e1ximo de fechamento at\u00e9 as 22h (conforme alvar\u00e1), com 40% da capacidade de ocupa\u00e7\u00e3o do estabelecimento e escalonamento do hor\u00e1rio de entrada e sa\u00edda de atividades do com\u00e9rcio, servi\u00e7os e ind\u00fastrias. As altera\u00e7\u00f5es come\u00e7am a partir da pr\u00f3xima segunda-feira (24). O toque de restri\u00e7\u00e3o \u00e9 das 22h \u00e0s 5h.<\/p>\n\n\n\n<div class=\"wp-block-image\"><figure class=\"alignright size-medium is-resized\"><a href=\"https:\/\/tvtecjundiai.com.br\/news\/wp-content\/uploads\/sites\/2\/2021\/05\/IMG_7817.jpg\"><img loading=\"lazy\" decoding=\"async\" src=\"https:\/\/tvtecjundiai.com.br\/news\/wp-content\/uploads\/sites\/2\/2021\/05\/IMG_7817-300x200.jpg\" alt=\"\" class=\"wp-image-76226\" width=\"478\" height=\"319\" srcset=\"https:\/\/tvtecjundiai.com.br\/news\/wp-content\/uploads\/sites\/2\/2021\/05\/IMG_7817-300x200.jpg 300w, https:\/\/tvtecjundiai.com.br\/news\/wp-content\/uploads\/sites\/2\/2021\/05\/IMG_7817-1200x800.jpg 1200w, https:\/\/tvtecjundiai.com.br\/news\/wp-content\/uploads\/sites\/2\/2021\/05\/IMG_7817-768x512.jpg 768w, https:\/\/tvtecjundiai.com.br\/news\/wp-content\/uploads\/sites\/2\/2021\/05\/IMG_7817.jpg 1280w\" sizes=\"auto, (max-width: 478px) 100vw, 478px\" \/><\/a><figcaption>As altera\u00e7\u00f5es come\u00e7am a partir da pr\u00f3xima segunda-feira (24)<\/figcaption><\/figure><\/div>\n\n\n\n<p><strong>Veja como fica o hor\u00e1rio das atividades comerciais (conforme alvar\u00e1):<\/strong><\/p>\n\n\n\n<ul class=\"wp-block-list\"><li>Com\u00e9rcio de rua: das 06h \u00e0s 22h;<\/li><li>Shoppings centers: das 10h \u00e0s 22h;<\/li><li>Atividades religiosas individuais e coletivas: com restri\u00e7\u00f5es de protocolos sanit\u00e1rios para o setor;<\/li><li>Atividades de presta\u00e7\u00e3o de servi\u00e7os em geral: das 06h \u00e0s 22h;<\/li><li>Restaurantes, similares, padarias, bares e buffets com fun\u00e7\u00e3o de restaurante: das 06h \u00e0s 22h;&nbsp;<\/li><li>Sal\u00e3o de beleza e barbearia: das 06h \u00e0s 22h;<\/li><li>Atividades culturais: das 06h \u00e0s 22h;&nbsp;<\/li><li>Academias: das 6h \u00e0s 22h;<\/li><li>Clubes: das 6h \u00e0s 22h, vedadas as atividades coletivas.<\/li><\/ul>\n\n\n\n<p><a rel=\"noreferrer noopener\" href=\"https:\/\/jundiai.sp.gov.br\/coronavirus\/wp-content\/uploads\/sites\/61\/2021\/05\/Edicao-4914-21-05-2021-1-1-1.pdf\" target=\"_blank\">Leia aqui o Decreto Municipal<\/a><\/p>\n\n\n\n<p><em>(Fonte: Prefeitura de Jundia\u00ed\/ Imagem: TVTEC Jundia\u00ed)<\/em><\/p>\n","protected":false},"excerpt":{"rendered":"<p>As altera\u00e7\u00f5es come\u00e7am a partir da pr\u00f3xima segunda-feira (24)<\/p>\n","protected":false},"author":17,"featured_media":76226,"comment_status":"closed","ping_status":"closed","sticky":false,"template":"","format":"standard","meta":{"footnotes":""},"categories":[29,2829,8356,1,2839],"tags":[],"class_list":["post-76225","post","type-post","status-publish","format-standard","has-post-thumbnail","hentry","category-destaque","category-economia","category-jundiai","category-noticias","category-saude"],"_links":{"self":[{"href":"https:\/\/tvtecjundiai.com.br\/news\/wp-json\/wp\/v2\/posts\/76225","targetHints":{"allow":["GET"]}}],"collection":[{"href":"https:\/\/tvtecjundiai.com.br\/news\/wp-json\/wp\/v2\/posts"}],"about":[{"href":"https:\/\/tvtecjundiai.com.br\/news\/wp-json\/wp\/v2\/types\/post"}],"author":[{"embeddable":true,"href":"https:\/\/tvtecjundiai.com.br\/news\/wp-json\/wp\/v2\/users\/17"}],"replies":[{"embeddable":true,"href":"https:\/\/tvtecjundiai.com.br\/news\/wp-json\/wp\/v2\/comments?post=76225"}],"version-history":[{"count":1,"href":"https:\/\/tvtecjundiai.com.br\/news\/wp-json\/wp\/v2\/posts\/76225\/revisions"}],"predecessor-version":[{"id":76227,"href":"https:\/\/tvtecjundiai.com.br\/news\/wp-json\/wp\/v2\/posts\/76225\/revisions\/76227"}],"wp:featuredmedia":[{"embeddable":true,"href":"https:\/\/tvtecjundiai.com.br\/news\/wp-json\/wp\/v2\/media\/76226"}],"wp:attachment":[{"href":"https:\/\/tvtecjundiai.com.br\/news\/wp-json\/wp\/v2\/media?parent=76225"}],"wp:term":[{"taxonomy":"category","embeddable":true,"href":"https:\/\/tvtecjundiai.com.br\/news\/wp-json\/wp\/v2\/categories?post=76225"},{"taxonomy":"post_tag","embeddable":true,"href":"https:\/\/tvtecjundiai.com.br\/news\/wp-json\/wp\/v2\/tags?post=76225"}],"curies":[{"name":"wp","href":"https:\/\/api.w.org\/{rel}","templated":true}]}}