{"id":76231,"date":"2021-05-22T10:12:14","date_gmt":"2021-05-22T13:12:14","guid":{"rendered":"https:\/\/tvtecjundiai.com.br\/news\/?p=76231"},"modified":"2021-05-22T10:12:14","modified_gmt":"2021-05-22T13:12:14","slug":"prefeitura-de-jundiai-divulga-nota-oficial-sobre-voa-sp-mata-ciliar","status":"publish","type":"post","link":"https:\/\/tvtecjundiai.com.br\/news\/2021\/05\/22\/prefeitura-de-jundiai-divulga-nota-oficial-sobre-voa-sp-mata-ciliar\/","title":{"rendered":"Prefeitura de Jundia\u00ed divulga nota oficial sobre Voa SP \/ Mata Ciliar"},"content":{"rendered":"\n<p>A Prefeitura de Jundia\u00ed, na condi\u00e7\u00e3o de mediadora, abriu di\u00e1logo, nesta sexta-feira (21), com representantes da Mata Ciliar, do Governo do Estado de S\u00e3o Paulo, do Minist\u00e9rio P\u00fablico e do poder legislativo, para propor solu\u00e7\u00f5es quanto \u00e0 \u00e1rea onde est\u00e1 situada a associa\u00e7\u00e3o e requerida pela VOA-SP \u2013 concession\u00e1ria do Aeroporto de Jundia\u00ed.<\/p>\n\n\n\n<div class=\"wp-block-image\"><figure class=\"alignright size-medium is-resized\"><a href=\"https:\/\/tvtecjundiai.com.br\/news\/wp-content\/uploads\/sites\/2\/2021\/05\/reuniao_mata_ciliar_sala_situacao-316.jpg\"><img loading=\"lazy\" decoding=\"async\" src=\"https:\/\/tvtecjundiai.com.br\/news\/wp-content\/uploads\/sites\/2\/2021\/05\/reuniao_mata_ciliar_sala_situacao-316-300x200.jpg\" alt=\"\" class=\"wp-image-76232\" width=\"477\" height=\"318\" srcset=\"https:\/\/tvtecjundiai.com.br\/news\/wp-content\/uploads\/sites\/2\/2021\/05\/reuniao_mata_ciliar_sala_situacao-316-300x200.jpg 300w, https:\/\/tvtecjundiai.com.br\/news\/wp-content\/uploads\/sites\/2\/2021\/05\/reuniao_mata_ciliar_sala_situacao-316-1200x800.jpg 1200w, https:\/\/tvtecjundiai.com.br\/news\/wp-content\/uploads\/sites\/2\/2021\/05\/reuniao_mata_ciliar_sala_situacao-316-768x512.jpg 768w, https:\/\/tvtecjundiai.com.br\/news\/wp-content\/uploads\/sites\/2\/2021\/05\/reuniao_mata_ciliar_sala_situacao-316.jpg 1280w\" sizes=\"auto, (max-width: 477px) 100vw, 477px\" \/><\/a><figcaption>O prefeito Luiz Fernando Machado (ao centro) conduziu a reuni\u00e3o entre os representantes<\/figcaption><\/figure><\/div>\n\n\n\n<p>Como resultado preliminar, definiu-se pela execu\u00e7\u00e3o de estudo de viabilidade t\u00e9cnica com o prop\u00f3sito, sobretudo, de preservar o servi\u00e7o de utilidade p\u00fablica realizado pela Mata Ciliar. At\u00e9 que sejam superados tais encaminhamentos, a Prefeitura reiterou a necessidade de perman\u00eancia do servi\u00e7o de prote\u00e7\u00e3o \u00e0 fauna silvestre no mesmo local. Em igual sentido, o Governo do Estado se manifestou favor\u00e1vel a dar andamento ao processo de regulariza\u00e7\u00e3o da \u00e1rea.<\/p>\n\n\n\n<p>Como j\u00e1 \u00e9 de conhecimento p\u00fablico, o Munic\u00edpio segue comprometido em contribuir com o fortalecimento das a\u00e7\u00f5es da Mata Ciliar dedicadas ao resgate, reabilita\u00e7\u00e3o e soltura de animais silvestres. Portanto, seguir\u00e1 no acompanhamento do caso at\u00e9 que se encontre uma solu\u00e7\u00e3o de car\u00e1ter permanente e sustent\u00e1vel.<\/p>\n\n\n\n<p><em>(Fonte\/Imagem: Prefeitura de Jundia\u00ed)<\/em><\/p>\n","protected":false},"excerpt":{"rendered":"<p>Di\u00e1logo entre representantes ocorreu nesta sexta-feira (21)<\/p>\n","protected":false},"author":17,"featured_media":76232,"comment_status":"closed","ping_status":"closed","sticky":false,"template":"","format":"standard","meta":{"footnotes":""},"categories":[29,8356,3569,1],"tags":[918,493],"class_list":["post-76231","post","type-post","status-publish","format-standard","has-post-thumbnail","hentry","category-destaque","category-jundiai","category-meio-ambiente","category-noticias","tag-mata-ciliar","tag-voa-sao-paulo"],"_links":{"self":[{"href":"https:\/\/tvtecjundiai.com.br\/news\/wp-json\/wp\/v2\/posts\/76231","targetHints":{"allow":["GET"]}}],"collection":[{"href":"https:\/\/tvtecjundiai.com.br\/news\/wp-json\/wp\/v2\/posts"}],"about":[{"href":"https:\/\/tvtecjundiai.com.br\/news\/wp-json\/wp\/v2\/types\/post"}],"author":[{"embeddable":true,"href":"https:\/\/tvtecjundiai.com.br\/news\/wp-json\/wp\/v2\/users\/17"}],"replies":[{"embeddable":true,"href":"https:\/\/tvtecjundiai.com.br\/news\/wp-json\/wp\/v2\/comments?post=76231"}],"version-history":[{"count":1,"href":"https:\/\/tvtecjundiai.com.br\/news\/wp-json\/wp\/v2\/posts\/76231\/revisions"}],"predecessor-version":[{"id":76233,"href":"https:\/\/tvtecjundiai.com.br\/news\/wp-json\/wp\/v2\/posts\/76231\/revisions\/76233"}],"wp:featuredmedia":[{"embeddable":true,"href":"https:\/\/tvtecjundiai.com.br\/news\/wp-json\/wp\/v2\/media\/76232"}],"wp:attachment":[{"href":"https:\/\/tvtecjundiai.com.br\/news\/wp-json\/wp\/v2\/media?parent=76231"}],"wp:term":[{"taxonomy":"category","embeddable":true,"href":"https:\/\/tvtecjundiai.com.br\/news\/wp-json\/wp\/v2\/categories?post=76231"},{"taxonomy":"post_tag","embeddable":true,"href":"https:\/\/tvtecjundiai.com.br\/news\/wp-json\/wp\/v2\/tags?post=76231"}],"curies":[{"name":"wp","href":"https:\/\/api.w.org\/{rel}","templated":true}]}}