{"id":76234,"date":"2021-05-22T10:17:31","date_gmt":"2021-05-22T13:17:31","guid":{"rendered":"https:\/\/tvtecjundiai.com.br\/news\/?p=76234"},"modified":"2021-05-22T10:17:31","modified_gmt":"2021-05-22T13:17:31","slug":"agendamento-para-45-com-comorbidades-sera-aberto-na-segunda-24","status":"publish","type":"post","link":"https:\/\/tvtecjundiai.com.br\/news\/2021\/05\/22\/agendamento-para-45-com-comorbidades-sera-aberto-na-segunda-24\/","title":{"rendered":"Agendamento para 45+ com comorbidades ser\u00e1 aberto na segunda (24)"},"content":{"rendered":"\n<div class=\"wp-block-image\"><figure class=\"alignright size-medium is-resized\"><a href=\"https:\/\/tvtecjundiai.com.br\/news\/wp-content\/uploads\/sites\/2\/2021\/05\/vacinacao_comorbidades_50_dal_santo-71.jpg\"><img loading=\"lazy\" decoding=\"async\" src=\"https:\/\/tvtecjundiai.com.br\/news\/wp-content\/uploads\/sites\/2\/2021\/05\/vacinacao_comorbidades_50_dal_santo-71-300x200.jpg\" alt=\"\" class=\"wp-image-76235\" width=\"486\" height=\"324\" srcset=\"https:\/\/tvtecjundiai.com.br\/news\/wp-content\/uploads\/sites\/2\/2021\/05\/vacinacao_comorbidades_50_dal_santo-71-300x200.jpg 300w, https:\/\/tvtecjundiai.com.br\/news\/wp-content\/uploads\/sites\/2\/2021\/05\/vacinacao_comorbidades_50_dal_santo-71-1200x800.jpg 1200w, https:\/\/tvtecjundiai.com.br\/news\/wp-content\/uploads\/sites\/2\/2021\/05\/vacinacao_comorbidades_50_dal_santo-71-768x512.jpg 768w, https:\/\/tvtecjundiai.com.br\/news\/wp-content\/uploads\/sites\/2\/2021\/05\/vacinacao_comorbidades_50_dal_santo-71.jpg 1280w\" sizes=\"auto, (max-width: 486px) 100vw, 486px\" \/><\/a><figcaption>Vacina\u00e7\u00e3o ser\u00e1 feita em pontos estrat\u00e9gicos que podem ser escolhidos pelos usu\u00e1rios no momento do agendamento<\/figcaption><\/figure><\/div>\n\n\n\n<p>As pessoas com 45 anos e que tenham alguma comorbidade habilitada pelo Plano Nacional de Imuniza\u00e7\u00e3o (PNI) contra a COVID-19, que moram em Jundia\u00ed, ter\u00e3o o agendamento aberto nos canais digitais da Prefeitura de Jundia\u00ed (site e APP Jundia\u00ed) para a vacina\u00e7\u00e3o na segunda-feira (24), \u00e0s 16h. A aplica\u00e7\u00e3o ter\u00e1 in\u00edcio a partir de ter\u00e7a-feira (25), em postos estrategicamente montados na cidade e que poder\u00e3o ser escolhidos pelo usu\u00e1rio, no momento do agendamento.<\/p>\n\n\n\n<p>No dia da vacina\u00e7\u00e3o, a pessoa deve apresentar documento que comprove a comorbidade, podendo ser receita m\u00e9dica ou relat\u00f3rio m\u00e9dico com CRM leg\u00edvel (constar CID ou descri\u00e7\u00e3o da doen\u00e7a correspondente), CPF, comprovante de endere\u00e7o e documento com foto. Pacientes oncol\u00f3gicos e demais pacientes imunossuprimidos dever\u00e3o apresentar obrigatoriamente a prescri\u00e7\u00e3o m\u00e9dica no dia da vacina\u00e7\u00e3o.<\/p>\n\n\n\n<p>Para consultar quais as comorbidades habilitadas para a vacina\u00e7\u00e3o, consulte o\u00a0<a href=\"https:\/\/jundiai.sp.gov.br\/coronavirus\/faq\/vacinacao-covid-19\/pessoas-com-quais-comorbidades-podem-ser-vacinadas-contra-a-covid-19\/\">link\u00a0<\/a>na p\u00e1gina Coronav\u00edrus, do portal da Prefeitura de Jundia\u00ed.<\/p>\n\n\n\n<p><em>(Fonte\/Imagem: Prefeitura de Jundia\u00ed)<\/em><\/p>\n","protected":false},"excerpt":{"rendered":"<p>Vacina\u00e7\u00e3o contra COVID-19 em Jundia\u00ed segue o Plano Nacional de Imuniza\u00e7\u00e3o <\/p>\n","protected":false},"author":17,"featured_media":76235,"comment_status":"closed","ping_status":"closed","sticky":false,"template":"","format":"standard","meta":{"footnotes":""},"categories":[29,8356,1,2839],"tags":[],"class_list":["post-76234","post","type-post","status-publish","format-standard","has-post-thumbnail","hentry","category-destaque","category-jundiai","category-noticias","category-saude"],"_links":{"self":[{"href":"https:\/\/tvtecjundiai.com.br\/news\/wp-json\/wp\/v2\/posts\/76234","targetHints":{"allow":["GET"]}}],"collection":[{"href":"https:\/\/tvtecjundiai.com.br\/news\/wp-json\/wp\/v2\/posts"}],"about":[{"href":"https:\/\/tvtecjundiai.com.br\/news\/wp-json\/wp\/v2\/types\/post"}],"author":[{"embeddable":true,"href":"https:\/\/tvtecjundiai.com.br\/news\/wp-json\/wp\/v2\/users\/17"}],"replies":[{"embeddable":true,"href":"https:\/\/tvtecjundiai.com.br\/news\/wp-json\/wp\/v2\/comments?post=76234"}],"version-history":[{"count":1,"href":"https:\/\/tvtecjundiai.com.br\/news\/wp-json\/wp\/v2\/posts\/76234\/revisions"}],"predecessor-version":[{"id":76236,"href":"https:\/\/tvtecjundiai.com.br\/news\/wp-json\/wp\/v2\/posts\/76234\/revisions\/76236"}],"wp:featuredmedia":[{"embeddable":true,"href":"https:\/\/tvtecjundiai.com.br\/news\/wp-json\/wp\/v2\/media\/76235"}],"wp:attachment":[{"href":"https:\/\/tvtecjundiai.com.br\/news\/wp-json\/wp\/v2\/media?parent=76234"}],"wp:term":[{"taxonomy":"category","embeddable":true,"href":"https:\/\/tvtecjundiai.com.br\/news\/wp-json\/wp\/v2\/categories?post=76234"},{"taxonomy":"post_tag","embeddable":true,"href":"https:\/\/tvtecjundiai.com.br\/news\/wp-json\/wp\/v2\/tags?post=76234"}],"curies":[{"name":"wp","href":"https:\/\/api.w.org\/{rel}","templated":true}]}}