{"id":76237,"date":"2021-05-22T12:22:02","date_gmt":"2021-05-22T15:22:02","guid":{"rendered":"https:\/\/tvtecjundiai.com.br\/news\/?p=76237"},"modified":"2021-05-22T12:22:02","modified_gmt":"2021-05-22T15:22:02","slug":"frente-fria-e-chuva-sao-previstas-para-este-fim-de-semana","status":"publish","type":"post","link":"https:\/\/tvtecjundiai.com.br\/news\/2021\/05\/22\/frente-fria-e-chuva-sao-previstas-para-este-fim-de-semana\/","title":{"rendered":"Frente fria e chuva s\u00e3o previstas para este fim de semana"},"content":{"rendered":"\n<p>A Defesa Civil do Estado informa que, neste s\u00e1bado (22) e domingo (23), uma nova frente fria ir\u00e1 avan\u00e7ar sobre o Estado, havendo condi\u00e7\u00f5es para chuvas intensas, com momentos de tempestades severas, seguidas por raios e ventos, na regi\u00e3o de Campinas, onde est\u00e1 Jundia\u00ed, e na Metropolitana de S\u00e3o Paulo.<\/p>\n\n\n\n<p>\u201cN\u00e3o h\u00e1 previs\u00e3o de muita chuva acumulada nas pr\u00f3ximas 48h (20mm), por\u00e9m, como um grande volume de \u00e1gua pode cair em um espa\u00e7o curto de tempo, existe risco de transtornos e ocorr\u00eancias relacionadas a raios e ventos\u201d, ressalta o coordenador da Defesa Civil de Jundia\u00ed, o coronel Jo\u00e3o Os\u00f3rio Gimenez.<\/p>\n\n\n\n<p>Em caso de necessidade, a Defesa Civil pode ser contatada pelos telefones 199 ou 4586-0666. O \u00f3rg\u00e3o orienta que em caso de fortes chuvas, ventos e descargas el\u00e9tricas as pessoas evitem sair de casa e desliguem aparelhos das tomadas. Quem estiver no tr\u00e2nsito ou na rua deve procurar abrigo em locais seguros.<\/p>\n\n\n\n<p><strong>Confira o boletim:<\/strong><\/p>\n\n\n\n<figure class=\"wp-block-image size-large\"><img loading=\"lazy\" decoding=\"async\" width=\"960\" height=\"720\" src=\"https:\/\/tvtecjundiai.com.br\/news\/wp-content\/uploads\/sites\/2\/2021\/05\/whatsapp-image-2021-05-22-at-10-31-27.jpeg\" alt=\"\" class=\"wp-image-76238\" srcset=\"https:\/\/tvtecjundiai.com.br\/news\/wp-content\/uploads\/sites\/2\/2021\/05\/whatsapp-image-2021-05-22-at-10-31-27.jpeg 960w, https:\/\/tvtecjundiai.com.br\/news\/wp-content\/uploads\/sites\/2\/2021\/05\/whatsapp-image-2021-05-22-at-10-31-27-300x225.jpeg 300w, https:\/\/tvtecjundiai.com.br\/news\/wp-content\/uploads\/sites\/2\/2021\/05\/whatsapp-image-2021-05-22-at-10-31-27-768x576.jpeg 768w\" sizes=\"auto, (max-width: 960px) 100vw, 960px\" \/><\/figure>\n\n\n\n<p><em>(Fonte\/Imagem: Prefeitura de Jundia\u00ed)<\/em><\/p>\n","protected":false},"excerpt":{"rendered":"<p>Nova frente fria ir\u00e1 avan\u00e7ar sobre o estado de S\u00e3o Paulo<\/p>\n","protected":false},"author":17,"featured_media":76239,"comment_status":"closed","ping_status":"closed","sticky":false,"template":"","format":"standard","meta":{"footnotes":""},"categories":[3185,29,8356,1],"tags":[],"class_list":["post-76237","post","type-post","status-publish","format-standard","has-post-thumbnail","hentry","category-clima","category-destaque","category-jundiai","category-noticias"],"_links":{"self":[{"href":"https:\/\/tvtecjundiai.com.br\/news\/wp-json\/wp\/v2\/posts\/76237","targetHints":{"allow":["GET"]}}],"collection":[{"href":"https:\/\/tvtecjundiai.com.br\/news\/wp-json\/wp\/v2\/posts"}],"about":[{"href":"https:\/\/tvtecjundiai.com.br\/news\/wp-json\/wp\/v2\/types\/post"}],"author":[{"embeddable":true,"href":"https:\/\/tvtecjundiai.com.br\/news\/wp-json\/wp\/v2\/users\/17"}],"replies":[{"embeddable":true,"href":"https:\/\/tvtecjundiai.com.br\/news\/wp-json\/wp\/v2\/comments?post=76237"}],"version-history":[{"count":1,"href":"https:\/\/tvtecjundiai.com.br\/news\/wp-json\/wp\/v2\/posts\/76237\/revisions"}],"predecessor-version":[{"id":76240,"href":"https:\/\/tvtecjundiai.com.br\/news\/wp-json\/wp\/v2\/posts\/76237\/revisions\/76240"}],"wp:featuredmedia":[{"embeddable":true,"href":"https:\/\/tvtecjundiai.com.br\/news\/wp-json\/wp\/v2\/media\/76239"}],"wp:attachment":[{"href":"https:\/\/tvtecjundiai.com.br\/news\/wp-json\/wp\/v2\/media?parent=76237"}],"wp:term":[{"taxonomy":"category","embeddable":true,"href":"https:\/\/tvtecjundiai.com.br\/news\/wp-json\/wp\/v2\/categories?post=76237"},{"taxonomy":"post_tag","embeddable":true,"href":"https:\/\/tvtecjundiai.com.br\/news\/wp-json\/wp\/v2\/tags?post=76237"}],"curies":[{"name":"wp","href":"https:\/\/api.w.org\/{rel}","templated":true}]}}