{"id":76241,"date":"2021-05-22T12:42:58","date_gmt":"2021-05-22T15:42:58","guid":{"rendered":"https:\/\/tvtecjundiai.com.br\/news\/?p=76241"},"modified":"2021-05-22T12:43:35","modified_gmt":"2021-05-22T15:43:35","slug":"familias-acolhedoras-jundiaienses-participam-de-evento-regional","status":"publish","type":"post","link":"https:\/\/tvtecjundiai.com.br\/news\/2021\/05\/22\/familias-acolhedoras-jundiaienses-participam-de-evento-regional\/","title":{"rendered":"Fam\u00edlias Acolhedoras jundiaienses participam de evento regional"},"content":{"rendered":"\n<p>Fam\u00edlias de Jundia\u00ed que integram o servi\u00e7o Fam\u00edlia Acolhedora participaram da 5\u00aa Semana da Fam\u00edlia Acolhedora Valinhense, realizada na \u00faltima semana. A programa\u00e7\u00e3o de palestras e rodas de conversa, realizadas de modo on-line, reuniu\u00a0as fam\u00edlias e t\u00e9cnicos dos servi\u00e7os dos Munic\u00edpios que integram o Grupo de Trabalho Regional de Fam\u00edlias Acolhedoras.<\/p>\n\n\n\n<p>Em Jundia\u00ed, o servi\u00e7o \u00e9 vinculado \u00e0 Unidade de Gest\u00e3o de Assist\u00eancia e Desenvolvimento Social&nbsp;(UGADS)&nbsp;e \u00e9 chamado de \u201cTravessia\u201d. A coordenadora, Luci Mara Garcez Marin, ressaltou a import\u00e2ncia da participa\u00e7\u00e3o e envolvimento dos t\u00e9cnicos e das fam\u00edlias do Munic\u00edpio. \u201cA participa\u00e7\u00e3o de Jundia\u00ed foi muito notada e elogiada pela motiva\u00e7\u00e3o de todos. Conseguimos que dez das nossas fam\u00edlias participassem, o maior n\u00famero entre Munic\u00edpios, e todos, inclusive os t\u00e9cnicos, est\u00e1vamos usando a camiseta personalizada do nosso servi\u00e7o\u201d.<\/p>\n\n\n\n<p>A programa\u00e7\u00e3o contou com a participa\u00e7\u00e3o do dr. S\u00e9rgio Luiz Kreuz, defensor e pioneiro na implanta\u00e7\u00e3o do servi\u00e7o de Acolhimento Familiar em Cascavel, no Paran\u00e1, atualmente tamb\u00e9m o maior do pa\u00eds. Houve tamb\u00e9m palestra com Let\u00edcia Camargo,&nbsp;do servi\u00e7o de acolhimento familiar de Capivari, sobre como implantar o servi\u00e7o nos Munic\u00edpios.<\/p>\n\n\n\n<figure class=\"wp-block-image size-large\"><img loading=\"lazy\" decoding=\"async\" width=\"1200\" height=\"486\" src=\"https:\/\/tvtecjundiai.com.br\/news\/wp-content\/uploads\/sites\/2\/2021\/05\/semana_familia_acolhedora_valinhos-12-1200x486.jpg\" alt=\"\" class=\"wp-image-76242\" srcset=\"https:\/\/tvtecjundiai.com.br\/news\/wp-content\/uploads\/sites\/2\/2021\/05\/semana_familia_acolhedora_valinhos-12-1200x486.jpg 1200w, https:\/\/tvtecjundiai.com.br\/news\/wp-content\/uploads\/sites\/2\/2021\/05\/semana_familia_acolhedora_valinhos-12-300x121.jpg 300w, https:\/\/tvtecjundiai.com.br\/news\/wp-content\/uploads\/sites\/2\/2021\/05\/semana_familia_acolhedora_valinhos-12-768x311.jpg 768w, https:\/\/tvtecjundiai.com.br\/news\/wp-content\/uploads\/sites\/2\/2021\/05\/semana_familia_acolhedora_valinhos-12.jpg 1277w\" sizes=\"auto, (max-width: 1200px) 100vw, 1200px\" \/><figcaption>Evento reuniu fam\u00edlias e t\u00e9cnicos dos servi\u00e7os dos Munic\u00edpios que integram o Grupo de Trabalho Regional<\/figcaption><\/figure>\n\n\n\n<p><strong>O servi\u00e7o<\/strong><\/p>\n\n\n\n<p>O \u201cFam\u00edlia Acolhedora\u201d \u00e9 voltado a pessoas que n\u00e3o estiverem na fila de ado\u00e7\u00e3o e estejam interessadas no acolhimento tempor\u00e1rio de crian\u00e7as e adolescentes, sob decis\u00e3o judicial, por per\u00edodo de at\u00e9 dezoito meses. Os inscritos devem residir em Jundia\u00ed, ter mais de 21 anos e n\u00e3o possuir pend\u00eancias judiciais, problemas psiqui\u00e1tricos e\/ou depend\u00eancia de subst\u00e2ncias psicoativas. Ap\u00f3s a inscri\u00e7\u00e3o s\u00e3o realizadas entrevistas, visitas domiciliares e encontros de capacita\u00e7\u00e3o. Os interessados podem se inscrever pela\u00a0<a rel=\"noreferrer noopener\" href=\"https:\/\/docs.google.com\/forms\/d\/e\/1FAIpQLScKEDckzeeyC32tZQPD-xa9XBhezEvgkNsPzlCNRoC92WKhCA\/viewform\" target=\"_blank\">internet<\/a>.<\/p>\n\n\n\n<p><em>(Fonte\/Imagem: Prefeitura de Jundia\u00ed)<\/em><\/p>\n","protected":false},"excerpt":{"rendered":"<p>Integrantes participaram da 5\u00aa Semana da Fam\u00edlia Acolhedora Valinhense<\/p>\n","protected":false},"author":17,"featured_media":76242,"comment_status":"closed","ping_status":"closed","sticky":false,"template":"","format":"standard","meta":{"footnotes":""},"categories":[5706,8356,1],"tags":[7786],"class_list":["post-76241","post","type-post","status-publish","format-standard","has-post-thumbnail","hentry","category-inclusao","category-jundiai","category-noticias","tag-familia-acolhedora"],"_links":{"self":[{"href":"https:\/\/tvtecjundiai.com.br\/news\/wp-json\/wp\/v2\/posts\/76241","targetHints":{"allow":["GET"]}}],"collection":[{"href":"https:\/\/tvtecjundiai.com.br\/news\/wp-json\/wp\/v2\/posts"}],"about":[{"href":"https:\/\/tvtecjundiai.com.br\/news\/wp-json\/wp\/v2\/types\/post"}],"author":[{"embeddable":true,"href":"https:\/\/tvtecjundiai.com.br\/news\/wp-json\/wp\/v2\/users\/17"}],"replies":[{"embeddable":true,"href":"https:\/\/tvtecjundiai.com.br\/news\/wp-json\/wp\/v2\/comments?post=76241"}],"version-history":[{"count":2,"href":"https:\/\/tvtecjundiai.com.br\/news\/wp-json\/wp\/v2\/posts\/76241\/revisions"}],"predecessor-version":[{"id":76244,"href":"https:\/\/tvtecjundiai.com.br\/news\/wp-json\/wp\/v2\/posts\/76241\/revisions\/76244"}],"wp:featuredmedia":[{"embeddable":true,"href":"https:\/\/tvtecjundiai.com.br\/news\/wp-json\/wp\/v2\/media\/76242"}],"wp:attachment":[{"href":"https:\/\/tvtecjundiai.com.br\/news\/wp-json\/wp\/v2\/media?parent=76241"}],"wp:term":[{"taxonomy":"category","embeddable":true,"href":"https:\/\/tvtecjundiai.com.br\/news\/wp-json\/wp\/v2\/categories?post=76241"},{"taxonomy":"post_tag","embeddable":true,"href":"https:\/\/tvtecjundiai.com.br\/news\/wp-json\/wp\/v2\/tags?post=76241"}],"curies":[{"name":"wp","href":"https:\/\/api.w.org\/{rel}","templated":true}]}}