{"id":76255,"date":"2021-05-22T17:21:32","date_gmt":"2021-05-22T20:21:32","guid":{"rendered":"https:\/\/tvtecjundiai.com.br\/news\/?p=76255"},"modified":"2021-05-22T17:21:32","modified_gmt":"2021-05-22T20:21:32","slug":"jundiai-divulga-157-novos-casos-da-covid-19-neste-sabado-22","status":"publish","type":"post","link":"https:\/\/tvtecjundiai.com.br\/news\/2021\/05\/22\/jundiai-divulga-157-novos-casos-da-covid-19-neste-sabado-22\/","title":{"rendered":"Jundia\u00ed divulga 157 novos casos da COVID-19 neste s\u00e1bado (22)"},"content":{"rendered":"\n<p>A Prefeitura de Jundia\u00ed informa que, neste s\u00e1bado (22), cinco \u00f3bitos foram contabilizados de residentes na cidade causados pelo Novo Coronav\u00edrus.<\/p>\n\n\n\n<ul class=\"wp-block-list\"><li>Homem, 55 anos, sem comorbidades registradas. Internou em 07\/05 e faleceu em 21\/05 no Hospital S\u00e3o Vicente .<\/li><li>Mulher, 81 anos, portadora de doen\u00e7a cardiovascular cr\u00f4nica. Internou em 13\/05 e faleceu em 21\/05 no Hospital S\u00e3o Vicente.<\/li><li>Mulher, 53 anos, obesa. Internou em 01\/05 e faleceu em 22\/05 em hospital privado.<\/li><li>Mulher, 71 anos, portadora de diabetes, doen\u00e7a cardiovascular e hepatopatia cr\u00f4nicas. Internou em 29\/04 e faleceu em 22\/05 em hospital privado.<\/li><li>Mulher, 75 anos, portadora de alzheimer. Internou em 06\/05 e faleceu em 22\/05 em hospital privado.<\/li><\/ul>\n\n\n\n<p>At\u00e9 o momento, a cidade registra 1158 \u00f3bitos causados pela COVID-19 desde o in\u00edcio da pandemia.<\/p>\n\n\n\n<figure class=\"wp-block-image size-large\"><img loading=\"lazy\" decoding=\"async\" width=\"960\" height=\"960\" src=\"https:\/\/tvtecjundiai.com.br\/news\/wp-content\/uploads\/sites\/2\/2021\/05\/slide1-8-1-960x960.jpg\" alt=\"\" class=\"wp-image-76256\" srcset=\"https:\/\/tvtecjundiai.com.br\/news\/wp-content\/uploads\/sites\/2\/2021\/05\/slide1-8-1-960x960.jpg 960w, https:\/\/tvtecjundiai.com.br\/news\/wp-content\/uploads\/sites\/2\/2021\/05\/slide1-8-1-300x300.jpg 300w, https:\/\/tvtecjundiai.com.br\/news\/wp-content\/uploads\/sites\/2\/2021\/05\/slide1-8-1-100x100.jpg 100w, https:\/\/tvtecjundiai.com.br\/news\/wp-content\/uploads\/sites\/2\/2021\/05\/slide1-8-1-768x768.jpg 768w, https:\/\/tvtecjundiai.com.br\/news\/wp-content\/uploads\/sites\/2\/2021\/05\/slide1-8-1.jpg 1365w\" sizes=\"auto, (max-width: 960px) 100vw, 960px\" \/><\/figure>\n\n\n\n<figure class=\"wp-block-image size-large\"><img loading=\"lazy\" decoding=\"async\" width=\"960\" height=\"960\" src=\"https:\/\/tvtecjundiai.com.br\/news\/wp-content\/uploads\/sites\/2\/2021\/05\/slide2-7-960x960.jpg\" alt=\"\" class=\"wp-image-76257\" srcset=\"https:\/\/tvtecjundiai.com.br\/news\/wp-content\/uploads\/sites\/2\/2021\/05\/slide2-7-960x960.jpg 960w, https:\/\/tvtecjundiai.com.br\/news\/wp-content\/uploads\/sites\/2\/2021\/05\/slide2-7-300x300.jpg 300w, https:\/\/tvtecjundiai.com.br\/news\/wp-content\/uploads\/sites\/2\/2021\/05\/slide2-7-100x100.jpg 100w, https:\/\/tvtecjundiai.com.br\/news\/wp-content\/uploads\/sites\/2\/2021\/05\/slide2-7-768x768.jpg 768w, https:\/\/tvtecjundiai.com.br\/news\/wp-content\/uploads\/sites\/2\/2021\/05\/slide2-7.jpg 1280w\" sizes=\"auto, (max-width: 960px) 100vw, 960px\" \/><\/figure>\n\n\n\n<p><em>(Fonte: Prefeitura de Jundia\u00ed <em>\/ Im<\/em>agem: BPS)<\/em><\/p>\n","protected":false},"excerpt":{"rendered":"<p>Em boletim, cinco \u00f3bitos foram contabilizados na data<\/p>\n","protected":false},"author":17,"featured_media":76258,"comment_status":"closed","ping_status":"closed","sticky":false,"template":"","format":"standard","meta":{"footnotes":""},"categories":[29,8356,1,2839],"tags":[7717,6242,5],"class_list":["post-76255","post","type-post","status-publish","format-standard","has-post-thumbnail","hentry","category-destaque","category-jundiai","category-noticias","category-saude","tag-boletim-epidemiologico","tag-coronavirus","tag-jundiai"],"_links":{"self":[{"href":"https:\/\/tvtecjundiai.com.br\/news\/wp-json\/wp\/v2\/posts\/76255","targetHints":{"allow":["GET"]}}],"collection":[{"href":"https:\/\/tvtecjundiai.com.br\/news\/wp-json\/wp\/v2\/posts"}],"about":[{"href":"https:\/\/tvtecjundiai.com.br\/news\/wp-json\/wp\/v2\/types\/post"}],"author":[{"embeddable":true,"href":"https:\/\/tvtecjundiai.com.br\/news\/wp-json\/wp\/v2\/users\/17"}],"replies":[{"embeddable":true,"href":"https:\/\/tvtecjundiai.com.br\/news\/wp-json\/wp\/v2\/comments?post=76255"}],"version-history":[{"count":1,"href":"https:\/\/tvtecjundiai.com.br\/news\/wp-json\/wp\/v2\/posts\/76255\/revisions"}],"predecessor-version":[{"id":76259,"href":"https:\/\/tvtecjundiai.com.br\/news\/wp-json\/wp\/v2\/posts\/76255\/revisions\/76259"}],"wp:featuredmedia":[{"embeddable":true,"href":"https:\/\/tvtecjundiai.com.br\/news\/wp-json\/wp\/v2\/media\/76258"}],"wp:attachment":[{"href":"https:\/\/tvtecjundiai.com.br\/news\/wp-json\/wp\/v2\/media?parent=76255"}],"wp:term":[{"taxonomy":"category","embeddable":true,"href":"https:\/\/tvtecjundiai.com.br\/news\/wp-json\/wp\/v2\/categories?post=76255"},{"taxonomy":"post_tag","embeddable":true,"href":"https:\/\/tvtecjundiai.com.br\/news\/wp-json\/wp\/v2\/tags?post=76255"}],"curies":[{"name":"wp","href":"https:\/\/api.w.org\/{rel}","templated":true}]}}