{"id":76260,"date":"2021-05-22T17:32:24","date_gmt":"2021-05-22T20:32:24","guid":{"rendered":"https:\/\/tvtecjundiai.com.br\/news\/?p=76260"},"modified":"2021-05-22T17:32:24","modified_gmt":"2021-05-22T20:32:24","slug":"sabado-e-marcado-pela-vacinacao-de-diferentes-grupos-contra-a-covid-19","status":"publish","type":"post","link":"https:\/\/tvtecjundiai.com.br\/news\/2021\/05\/22\/sabado-e-marcado-pela-vacinacao-de-diferentes-grupos-contra-a-covid-19\/","title":{"rendered":"S\u00e1bado \u00e9 marcado pela vacina\u00e7\u00e3o de diferentes grupos contra a Covid-19"},"content":{"rendered":"\n<p>Dia de felicidade para a aposentada Zanaide Aparecida Ferreira Goes, de 64 anos, que recebeu a segunda dose da vacina contra a Covid-19 na manh\u00e3 deste s\u00e1bado, na UBS Morada das Vinhas. \u201cEstava esperando ansiosa por esse momento, chegando agora mais pr\u00f3xima da minha imuniza\u00e7\u00e3o\u201d, comemorou ela, moradora da Vila Hortol\u00e2ndia. \u201cA vacina\u00e7\u00e3o est\u00e1 muito bem organizada\u201d, disse.<\/p>\n\n\n\n<p>A UBS Morada das Vinhas recebeu pessoas com mais de 64 anos para a segunda dose. De acordo com a enfermeira Ana Kellin Paulek, foram agendadas 620 pessoas para receber a vacina\u00e7\u00e3o apenas nessa unidade, das 8h \u00e0s 16h. \u201cO processo est\u00e1 r\u00e1pido, as pessoas n\u00e3o est\u00e3o levando nem cinco minutos para receber a vacina\u201d, relatou ela.<\/p>\n\n\n\n<p>Velocidade semelhante foi observada no Centro Esportivo Aramis Polli, na Vila Hortol\u00e2ndia, onde foram vacinadas, neste s\u00e1bado, pessoas com comorbidades acima de 50 anos e com hor\u00e1rio agendado. O enfermeiro respons\u00e1vel pela vacina\u00e7\u00e3o no local, Leonard Cabral, explicou que os pacientes j\u00e1 sa\u00edram com o agendamento da segunda dose. \u201cIsso d\u00e1 mais conforto e seguran\u00e7a.\u201d Diab\u00e9tico, 53 anos, Jos\u00e9 L\u00facio Bittencourt comemorou a vacina\u00e7\u00e3o. \u201cA organiza\u00e7\u00e3o est\u00e1 \u00f3tima, correu tudo muito bem.\u201d<\/p>\n\n\n\n<div class=\"wp-block-image\"><figure class=\"alignright size-medium is-resized\"><a href=\"https:\/\/tvtecjundiai.com.br\/news\/wp-content\/uploads\/sites\/2\/2021\/05\/vacinacao-covid-ubs-tamoio-11.jpg\"><img loading=\"lazy\" decoding=\"async\" src=\"https:\/\/tvtecjundiai.com.br\/news\/wp-content\/uploads\/sites\/2\/2021\/05\/vacinacao-covid-ubs-tamoio-11-300x200.jpg\" alt=\"\" class=\"wp-image-76261\" width=\"489\" height=\"326\" srcset=\"https:\/\/tvtecjundiai.com.br\/news\/wp-content\/uploads\/sites\/2\/2021\/05\/vacinacao-covid-ubs-tamoio-11-300x200.jpg 300w, https:\/\/tvtecjundiai.com.br\/news\/wp-content\/uploads\/sites\/2\/2021\/05\/vacinacao-covid-ubs-tamoio-11-1200x800.jpg 1200w, https:\/\/tvtecjundiai.com.br\/news\/wp-content\/uploads\/sites\/2\/2021\/05\/vacinacao-covid-ubs-tamoio-11-768x512.jpg 768w, https:\/\/tvtecjundiai.com.br\/news\/wp-content\/uploads\/sites\/2\/2021\/05\/vacinacao-covid-ubs-tamoio-11.jpg 1280w\" sizes=\"auto, (max-width: 489px) 100vw, 489px\" \/><\/a><figcaption>Vacinada na UBS Tamoio, Larissa Helen ficou emocionada e lembrou o casos da av\u00f3, v\u00edtima da Covid-19<\/figcaption><\/figure><\/div>\n\n\n\n<p>Desde o in\u00edcio da vacina\u00e7\u00e3o contra a Covid-19, Jundia\u00ed j\u00e1 aplicou 143.412 doses. S\u00f3 neste s\u00e1bado foram agendadas oito mil vacina\u00e7\u00f5es em diferentes pontos da cidade.<\/p>\n\n\n\n<p><strong>Esperan\u00e7a<\/strong><\/p>\n\n\n\n<p>Larissa Helen, de 26 anos, se vacinou na UBS Tamoio. Ela est\u00e1 gr\u00e1vida de sete meses, tem diabetes e hipertens\u00e3o. \u201cMinha av\u00f3 morreu por causa da Covid e tamb\u00e9m tinha as mesmas comorbidades que eu\u201d, declarou. \u201cPor isso, a espera por este momento era grande.\u201d Na parte da manh\u00e3, a UBS Tamoio recebeu apenas gestantes com comorbidades para se vacinar com a primeira dose e, na parte da tarde, idosos com mais de 64 anos para a segunda dose.<\/p>\n\n\n\n<p><em>(Fonte\/Imagem: Prefeitura de Jundia\u00ed)<\/em><\/p>\n","protected":false},"excerpt":{"rendered":"<p>Idosos, pessoas e gestantes com comorbidades foram imunizadas<\/p>\n","protected":false},"author":17,"featured_media":76261,"comment_status":"closed","ping_status":"closed","sticky":false,"template":"","format":"standard","meta":{"footnotes":""},"categories":[29,8356,1,2839],"tags":[],"class_list":["post-76260","post","type-post","status-publish","format-standard","has-post-thumbnail","hentry","category-destaque","category-jundiai","category-noticias","category-saude"],"_links":{"self":[{"href":"https:\/\/tvtecjundiai.com.br\/news\/wp-json\/wp\/v2\/posts\/76260","targetHints":{"allow":["GET"]}}],"collection":[{"href":"https:\/\/tvtecjundiai.com.br\/news\/wp-json\/wp\/v2\/posts"}],"about":[{"href":"https:\/\/tvtecjundiai.com.br\/news\/wp-json\/wp\/v2\/types\/post"}],"author":[{"embeddable":true,"href":"https:\/\/tvtecjundiai.com.br\/news\/wp-json\/wp\/v2\/users\/17"}],"replies":[{"embeddable":true,"href":"https:\/\/tvtecjundiai.com.br\/news\/wp-json\/wp\/v2\/comments?post=76260"}],"version-history":[{"count":1,"href":"https:\/\/tvtecjundiai.com.br\/news\/wp-json\/wp\/v2\/posts\/76260\/revisions"}],"predecessor-version":[{"id":76262,"href":"https:\/\/tvtecjundiai.com.br\/news\/wp-json\/wp\/v2\/posts\/76260\/revisions\/76262"}],"wp:featuredmedia":[{"embeddable":true,"href":"https:\/\/tvtecjundiai.com.br\/news\/wp-json\/wp\/v2\/media\/76261"}],"wp:attachment":[{"href":"https:\/\/tvtecjundiai.com.br\/news\/wp-json\/wp\/v2\/media?parent=76260"}],"wp:term":[{"taxonomy":"category","embeddable":true,"href":"https:\/\/tvtecjundiai.com.br\/news\/wp-json\/wp\/v2\/categories?post=76260"},{"taxonomy":"post_tag","embeddable":true,"href":"https:\/\/tvtecjundiai.com.br\/news\/wp-json\/wp\/v2\/tags?post=76260"}],"curies":[{"name":"wp","href":"https:\/\/api.w.org\/{rel}","templated":true}]}}