{"id":76289,"date":"2021-05-24T09:20:44","date_gmt":"2021-05-24T12:20:44","guid":{"rendered":"https:\/\/tvtecjundiai.com.br\/news\/?p=76289"},"modified":"2021-05-24T09:20:44","modified_gmt":"2021-05-24T12:20:44","slug":"audiencia-publica-na-camara-discute-lei-de-diretrizes-orcamentarias","status":"publish","type":"post","link":"https:\/\/tvtecjundiai.com.br\/news\/2021\/05\/24\/audiencia-publica-na-camara-discute-lei-de-diretrizes-orcamentarias\/","title":{"rendered":"Audi\u00eancia P\u00fablica na C\u00e2mara discute Lei de Diretrizes Or\u00e7ament\u00e1rias"},"content":{"rendered":"\n<p>A Unidade de Gest\u00e3o de Governo e Finan\u00e7as apresenta, em audi\u00eancia p\u00fablica da C\u00e2mara Municipal de Jundia\u00ed, na pr\u00f3xima quarta-feira (26), o projeto de lei que estabelece a Lei de Diretrizes Or\u00e7ament\u00e1rias (LDO) para 2022. O evento ser\u00e1 na C\u00e2mara Municipal, das 9h \u00e0s 11h30, com transmiss\u00e3o ao vivo pela TV C\u00e2mara (12.2 UHF e 4 NET) e pelos canais do Facebook e do YouTube da C\u00e2mara Municipal.<\/p>\n\n\n\n<div class=\"wp-block-image\"><figure class=\"aligncenter size-large\"><img loading=\"lazy\" decoding=\"async\" width=\"1200\" height=\"800\" src=\"https:\/\/tvtecjundiai.com.br\/news\/wp-content\/uploads\/sites\/2\/2021\/05\/video-conferencia-parimoschi-pdl_c_-13-1200x800.jpg\" alt=\"\" class=\"wp-image-76290\" srcset=\"https:\/\/tvtecjundiai.com.br\/news\/wp-content\/uploads\/sites\/2\/2021\/05\/video-conferencia-parimoschi-pdl_c_-13-1200x800.jpg 1200w, https:\/\/tvtecjundiai.com.br\/news\/wp-content\/uploads\/sites\/2\/2021\/05\/video-conferencia-parimoschi-pdl_c_-13-300x200.jpg 300w, https:\/\/tvtecjundiai.com.br\/news\/wp-content\/uploads\/sites\/2\/2021\/05\/video-conferencia-parimoschi-pdl_c_-13-768x512.jpg 768w, https:\/\/tvtecjundiai.com.br\/news\/wp-content\/uploads\/sites\/2\/2021\/05\/video-conferencia-parimoschi-pdl_c_-13.jpg 1280w\" sizes=\"auto, (max-width: 1200px) 100vw, 1200px\" \/><figcaption>gestor de Governo e Finan\u00e7as, Jos\u00e9 Antonio Parimoschi, far\u00e1 apresenta\u00e7\u00e3o para vereadores<\/figcaption><\/figure><\/div>\n\n\n\n<p>\u201cA audi\u00eancia p\u00fablica \u00e9 uma ferramenta muito importante para apresentarmos para a popula\u00e7\u00e3o a LDO, que \u00e9 um elo de conex\u00e3o entre o Plano Plurianual e o Or\u00e7amento do pr\u00f3ximo ano\u201d, explica o gestor de Governo e Finan\u00e7as, Jos\u00e9 Antonio Parimoschi. \u201c\u00c9 na LDO que se definem as prioridades para a execu\u00e7\u00e3o do Or\u00e7amento seguinte e se estipulam as metas fiscais\u201d, observa o diretor do Departamento de Or\u00e7amento, Luiz Fernando Boscolo.&nbsp;<\/p>\n\n\n\n<p>Ap\u00f3s a apresenta\u00e7\u00e3o, os vereadores far\u00e3o questionamentos. Todos os gestores municipais tamb\u00e9m participar\u00e3o virtualmente da audi\u00eancia, para responderem d\u00favidas setoriais. Devido ao momento de pandemia da Covid-19, a C\u00e2mara Municipal n\u00e3o est\u00e1 aberta ao p\u00fablico. Por isso, as perguntas da popula\u00e7\u00e3o poder\u00e3o ser feitas atrav\u00e9s do espa\u00e7o de coment\u00e1rios nas redes sociais.<\/p>\n\n\n\n<p><em>(Fonte\/Imagem: Prefeitura de Jundia\u00ed)<\/em><\/p>\n","protected":false},"excerpt":{"rendered":"<p>O evento ser\u00e1 na quarta-feira (26), das 9h \u00e0s 11h30, na C\u00e2mara Municipal<\/p>\n","protected":false},"author":25,"featured_media":76290,"comment_status":"closed","ping_status":"closed","sticky":false,"template":"","format":"standard","meta":{"footnotes":""},"categories":[1,2826],"tags":[],"class_list":["post-76289","post","type-post","status-publish","format-standard","has-post-thumbnail","hentry","category-noticias","category-politica"],"_links":{"self":[{"href":"https:\/\/tvtecjundiai.com.br\/news\/wp-json\/wp\/v2\/posts\/76289","targetHints":{"allow":["GET"]}}],"collection":[{"href":"https:\/\/tvtecjundiai.com.br\/news\/wp-json\/wp\/v2\/posts"}],"about":[{"href":"https:\/\/tvtecjundiai.com.br\/news\/wp-json\/wp\/v2\/types\/post"}],"author":[{"embeddable":true,"href":"https:\/\/tvtecjundiai.com.br\/news\/wp-json\/wp\/v2\/users\/25"}],"replies":[{"embeddable":true,"href":"https:\/\/tvtecjundiai.com.br\/news\/wp-json\/wp\/v2\/comments?post=76289"}],"version-history":[{"count":1,"href":"https:\/\/tvtecjundiai.com.br\/news\/wp-json\/wp\/v2\/posts\/76289\/revisions"}],"predecessor-version":[{"id":76291,"href":"https:\/\/tvtecjundiai.com.br\/news\/wp-json\/wp\/v2\/posts\/76289\/revisions\/76291"}],"wp:featuredmedia":[{"embeddable":true,"href":"https:\/\/tvtecjundiai.com.br\/news\/wp-json\/wp\/v2\/media\/76290"}],"wp:attachment":[{"href":"https:\/\/tvtecjundiai.com.br\/news\/wp-json\/wp\/v2\/media?parent=76289"}],"wp:term":[{"taxonomy":"category","embeddable":true,"href":"https:\/\/tvtecjundiai.com.br\/news\/wp-json\/wp\/v2\/categories?post=76289"},{"taxonomy":"post_tag","embeddable":true,"href":"https:\/\/tvtecjundiai.com.br\/news\/wp-json\/wp\/v2\/tags?post=76289"}],"curies":[{"name":"wp","href":"https:\/\/api.w.org\/{rel}","templated":true}]}}