{"id":76304,"date":"2021-05-24T13:34:16","date_gmt":"2021-05-24T16:34:16","guid":{"rendered":"https:\/\/tvtecjundiai.com.br\/news\/?p=76304"},"modified":"2021-05-24T13:43:09","modified_gmt":"2021-05-24T16:43:09","slug":"dia-do-desafio-tem-inicio-a-partir-do-dia-26-de-maneira-virtual-1","status":"publish","type":"post","link":"https:\/\/tvtecjundiai.com.br\/news\/2021\/05\/24\/dia-do-desafio-tem-inicio-a-partir-do-dia-26-de-maneira-virtual-1\/","title":{"rendered":"Dia do Desafio tem in\u00edcio a partir do dia 26, de maneira virtual"},"content":{"rendered":"\n<p>Pelo segundo ano consecutivo, por conta da pandemia de COVID-19, o Dia do Desafio \u2013 evento anual que chega \u00e0 sua 27\u00aa edi\u00e7\u00e3o no dia 26 de maio, com o objetivo de incentivar a pr\u00e1tica regular de atividades f\u00edsicas e esportivas \u2013 ter\u00e1 seu modelo de atua\u00e7\u00e3o com \u00eanfase nas plataformas digitais.<\/p>\n\n\n\n<p>O projeto n\u00e3o contar\u00e1 com a tradicional competi\u00e7\u00e3o amistosa entre as cidades, para evitar aglomera\u00e7\u00f5es e seguir os protocolos sanit\u00e1rios de seguran\u00e7a. Por\u00e9m, o evento manter\u00e1 seu prop\u00f3sito de estimular as pessoas na busca por uma rotina ativa e saud\u00e1vel, e convidar\u00e1 a rede de parceiros da campanha \u2013 pa\u00edses, cidades e institui\u00e7\u00f5es, a se mobilizarem no enfrentamento da inatividade f\u00edsica, sobretudo neste momento atual.<\/p>\n\n\n\n<p>Em 2021 o Dia do Desafio traz como tema \u201cAtividade f\u00edsica: Bom para mim! Bom para todos!\u201d. A base para defini\u00e7\u00e3o deste mote foi o princ\u00edpio humanit\u00e1rio do Bem Comum, ou seja, o conjunto das situa\u00e7\u00f5es de vida social que permitem, tanto aos grupos como a cada indiv\u00edduo, alcan\u00e7ar a mais plena condi\u00e7\u00e3o de vida. A campanha tem coordena\u00e7\u00e3o mundial da TAFISA &#8211; The Association For International Sport for All e, no Continente Americano, do Sesc SP, com apoio institucional da ISCA \u2013 International Sport and Culture Association e da Unesco.<\/p>\n\n\n\n<p>Os participantes ao redor do mundo continuam a ser desafiados num contexto marcado pela pandemia, em que a imprevisibilidade, o distanciamento f\u00edsico e a import\u00e2ncia do autocuidado se fazem presentes. Nesse sentido as atividades sugeridas na programa\u00e7\u00e3o ter\u00e3o preval\u00eancia online, oferecendo condi\u00e7\u00f5es para que, mesmo impossibilitados do encontro presencial para pr\u00e1tica de atividades f\u00edsicas em conjunto, as pessoas possam interagir por meio das transmiss\u00f5es virtuais, se mantendo ativas.<\/p>\n\n\n\n<p>Esse modelo, ao mesmo tempo, possibilita um alcance ainda maior dessas a\u00e7\u00f5es. Desta maneira o p\u00fablico das mais variadas idades ter\u00e1 \u00e0 disposi\u00e7\u00e3o uma programa\u00e7\u00e3o f\u00edsico esportiva com viv\u00eancias, apresenta\u00e7\u00f5es, aulas, oficinas, bate-papos, dentre outras.<\/p>\n\n\n\n<p>\u201cO Dia do Desafio chega \u00e0 sua 27\u00aa edi\u00e7\u00e3o com a elevada responsabilidade de contribuir no processo de desenvolvimento humano para o bem viver de todos\u201d, afirma Danilo Santos de Miranda, diretor do Sesc S\u00e3o Paulo. E complementa: \u201cAs manifesta\u00e7\u00f5es f\u00edsico-esportivas constituem importante plataforma de di\u00e1logo e de a\u00e7\u00e3o comunit\u00e1ria junto aos territ\u00f3rios. A pandemia nos trouxe o aspecto da exclusividade da a\u00e7\u00e3o no ambiente digital: tivemos de nos reinventar em um caminho virtual totalmente novo\u201d.<\/p>\n\n\n\n<p>J\u00e1 Maria Luiza Souza Dias, Gerente de Desenvolvimento F\u00edsico-Esportivo do Sesc S\u00e3o Paulo, e Coordenadora do Dia do Desafio para o Continente Americano ressalta que \u201co contexto social e sanit\u00e1rio destes novos tempos refor\u00e7a ainda mais a import\u00e2ncia de adotarmos um estilo de vida ativo e saud\u00e1vel. Assim, toda a rede de parceiros do Dia do Desafio no Continente Americano foi convidada a se mobilizar comunitariamente, e somar esfor\u00e7os para o enfrentamento dos elevados indicadores de inatividade f\u00edsica da popula\u00e7\u00e3o em geral. Portanto, a pr\u00e1tica regular de atividades f\u00edsicas e esportivas deve ser compreendida como um h\u00e1bito essencial para a sa\u00fade, com benef\u00edcios f\u00edsicos e ps\u00edquicos, e com forte potencial socioeducativo contribuindo para o pleno conv\u00edvio em sociedade\u201d.<\/p>\n\n\n\n<div class=\"wp-block-image\"><figure class=\"aligncenter size-large is-resized\"><img loading=\"lazy\" decoding=\"async\" src=\"https:\/\/tvtecjundiai.com.br\/news\/wp-content\/uploads\/sites\/2\/2021\/05\/Jessica-Claro_atleta-de-crossfit-adaptado-2-1-720x960.jpg\" alt=\"\" class=\"wp-image-76306\" width=\"539\" height=\"718\" srcset=\"https:\/\/tvtecjundiai.com.br\/news\/wp-content\/uploads\/sites\/2\/2021\/05\/Jessica-Claro_atleta-de-crossfit-adaptado-2-1-720x960.jpg 720w, https:\/\/tvtecjundiai.com.br\/news\/wp-content\/uploads\/sites\/2\/2021\/05\/Jessica-Claro_atleta-de-crossfit-adaptado-2-1-300x400.jpg 300w, https:\/\/tvtecjundiai.com.br\/news\/wp-content\/uploads\/sites\/2\/2021\/05\/Jessica-Claro_atleta-de-crossfit-adaptado-2-1-768x1024.jpg 768w, https:\/\/tvtecjundiai.com.br\/news\/wp-content\/uploads\/sites\/2\/2021\/05\/Jessica-Claro_atleta-de-crossfit-adaptado-2-1-1152x1536.jpg 1152w, https:\/\/tvtecjundiai.com.br\/news\/wp-content\/uploads\/sites\/2\/2021\/05\/Jessica-Claro_atleta-de-crossfit-adaptado-2-1.jpg 1280w\" sizes=\"auto, (max-width: 539px) 100vw, 539px\" \/><figcaption>J\u00e9ssica Claro conta parte da sua hist\u00f3ria de supera\u00e7\u00e3o desde o acidente que sofreu at\u00e9 os expressivos resultados alcan\u00e7ados no Crossfit<\/figcaption><\/figure><\/div>\n\n\n\n<p>Destaques da programa\u00e7\u00e3o no interior de S\u00e3o Paulo:<\/p>\n\n\n\n<p>Dia 26\/5, \u00e0s 14h<br>Aula aberta &#8211; Desafio do Movimento: Para fam\u00edlias!<br>Com Luciana Stigliano, educadora de atividades f\u00edsicas do Sesc Jundia\u00ed e Renato Oliveira, educador do Sesc Campinas.<br>Gr\u00e1tis. Livre. No Youtube do Sesc Jundia\u00ed.<br><\/p>\n\n\n\n<p>Dia 26\/5, \u00e0s 19h<br>Bate-papo &#8211; Qual o seu desafio di\u00e1rio? Desperte o her\u00f3i em voc\u00ea!<br>Com J\u00e9ssica Claro, atleta de Crossfit Adaptado, Ellen Valias, fundadora do Rach\u00e3o Basquete Feminino e Profa. Dra. Fabrina Moreira, mestra e doutora em Filosofia. Media\u00e7\u00e3o de Lu\u00eds Henrique Teixeira, educador de atividades f\u00edsicas do Sesc Taubat\u00e9.<br>Neste bate papo, a atleta J\u00e9ssica Claro conta parte da sua hist\u00f3ria de supera\u00e7\u00e3o desde o acidente que sofreu at\u00e9 os expressivos resultados alcan\u00e7ados no Crossfit. Ellen traz seu olhar sobre a supera\u00e7\u00e3o da gordofobia e do machismo no esporte. E a Prof\u00aa Dr\u00aa Fabrina Moreira apresenta o olhar filos\u00f3fico sobre o hero\u00edsmo, trazendo a provoca\u00e7\u00e3o e discuss\u00e3o sobre o despertar do her\u00f3i em cada ser humano.<br>Gr\u00e1tis. Livre. No Facebook do Sesc Jundia\u00ed e no Youtube do Sesc Taubat\u00e9.<\/p>\n\n\n\n<p>Dia 26\/5, \u00e0s 10h<br>Aula Aberta &#8211; Exerc\u00edcios funcionais para idosos: superando os desafios do dia a dia<br>Com Tatiana dos Anjos, educadora de atividades f\u00edsicas do Sesc Campinas.<br>Gr\u00e1tis. Livre. No Youtube do Sesc Campinas.<\/p>\n\n\n\n<p>DIA DO DESAFIO<br>Criado nos anos 1980 no Canad\u00e1, o Dia do Desafio tem como proposta despertar o interesse das pessoas pela pr\u00e1tica de esportes e atividades f\u00edsicas, por meio de uma competi\u00e7\u00e3o entre cidades. O Sesc coordena o evento no Brasil desde 1995 e no continente americano desde 2000. O Dia do Desafio \u00e9 uma iniciativa da TAFISA &#8211; The Association For International Sport for All, com o apoio da ISCA (International Sport and Culture Association) e da UNESCO e \u00e9 realizado pelas prefeituras municipais em parceria com secretarias estaduais, ONGs, escolas, empresas, universidades, academias e outras institui\u00e7\u00f5es.<\/p>\n\n\n\n<p>Trata-se de um movimento comunit\u00e1rio que envolve poderes p\u00fablicos, institui\u00e7\u00f5es privadas e cidad\u00e3os trabalhando em parceria para mobilizar o maior percentual de participantes em rela\u00e7\u00e3o ao seu total de habitantes.<\/p>\n\n\n\n<p><em>(Texto\/Imagem: Assessoria de Imprensa)<\/em><\/p>\n","protected":false},"excerpt":{"rendered":"<p>Tradicional evento de combate ao sedentarismo ter\u00e1 atividades online em sua programa\u00e7\u00e3o  <\/p>\n","protected":false},"author":28,"featured_media":76311,"comment_status":"closed","ping_status":"closed","sticky":false,"template":"","format":"standard","meta":{"footnotes":""},"categories":[8356,1],"tags":[],"class_list":["post-76304","post","type-post","status-publish","format-standard","has-post-thumbnail","hentry","category-jundiai","category-noticias"],"_links":{"self":[{"href":"https:\/\/tvtecjundiai.com.br\/news\/wp-json\/wp\/v2\/posts\/76304","targetHints":{"allow":["GET"]}}],"collection":[{"href":"https:\/\/tvtecjundiai.com.br\/news\/wp-json\/wp\/v2\/posts"}],"about":[{"href":"https:\/\/tvtecjundiai.com.br\/news\/wp-json\/wp\/v2\/types\/post"}],"author":[{"embeddable":true,"href":"https:\/\/tvtecjundiai.com.br\/news\/wp-json\/wp\/v2\/users\/28"}],"replies":[{"embeddable":true,"href":"https:\/\/tvtecjundiai.com.br\/news\/wp-json\/wp\/v2\/comments?post=76304"}],"version-history":[{"count":1,"href":"https:\/\/tvtecjundiai.com.br\/news\/wp-json\/wp\/v2\/posts\/76304\/revisions"}],"predecessor-version":[{"id":76307,"href":"https:\/\/tvtecjundiai.com.br\/news\/wp-json\/wp\/v2\/posts\/76304\/revisions\/76307"}],"wp:featuredmedia":[{"embeddable":true,"href":"https:\/\/tvtecjundiai.com.br\/news\/wp-json\/wp\/v2\/media\/76311"}],"wp:attachment":[{"href":"https:\/\/tvtecjundiai.com.br\/news\/wp-json\/wp\/v2\/media?parent=76304"}],"wp:term":[{"taxonomy":"category","embeddable":true,"href":"https:\/\/tvtecjundiai.com.br\/news\/wp-json\/wp\/v2\/categories?post=76304"},{"taxonomy":"post_tag","embeddable":true,"href":"https:\/\/tvtecjundiai.com.br\/news\/wp-json\/wp\/v2\/tags?post=76304"}],"curies":[{"name":"wp","href":"https:\/\/api.w.org\/{rel}","templated":true}]}}