{"id":76321,"date":"2021-05-24T15:51:11","date_gmt":"2021-05-24T18:51:11","guid":{"rendered":"https:\/\/tvtecjundiai.com.br\/news\/?p=76321"},"modified":"2021-05-24T15:52:31","modified_gmt":"2021-05-24T18:52:31","slug":"pfizer-comeca-a-testar-vacina-pneumococica-com-dose-de-reforco-contra-covid-19","status":"publish","type":"post","link":"https:\/\/tvtecjundiai.com.br\/news\/2021\/05\/24\/pfizer-comeca-a-testar-vacina-pneumococica-com-dose-de-reforco-contra-covid-19\/","title":{"rendered":"Pfizer come\u00e7a a testar vacina pneumoc\u00f3cica com dose de refor\u00e7o contra COVID-19"},"content":{"rendered":"\n<p>A Pfizer informou nesta segunda-feira (24) que come\u00e7ou a realizar testes para avaliar a seguran\u00e7a e a efic\u00e1cia da administra\u00e7\u00e3o conjunta da vacina pneumoc\u00f3cica conjugada 20-valente da empresa (20vPnC) com uma terceira dose de seu imunizante contra o Coronav\u00edrus.<\/p>\n\n\n\n<p>Participar\u00e3o desse estudo 600 adultos, com mais de 65 anos, que j\u00e1 receberam as duas doses contra a COVID-19 h\u00e1 pelo menos seis meses.<\/p>\n\n\n\n<p>A 20vPnC est\u00e1 sendo desenvolvida para ajudar a proteger adultos contra 20 serotipos respons\u00e1veis pela maioria das doen\u00e7as pneumoc\u00f3cicas invasivas e pela pneumonia.<\/p>\n\n\n\n<figure class=\"wp-block-image size-large\"><img loading=\"lazy\" decoding=\"async\" width=\"960\" height=\"636\" src=\"https:\/\/tvtecjundiai.com.br\/news\/wp-content\/uploads\/sites\/2\/2021\/04\/Pfizer-preve-lancar-pilula-contra-Covid-19-ainda-neste-ano.jpg\" alt=\"\" class=\"wp-image-74912\" srcset=\"https:\/\/tvtecjundiai.com.br\/news\/wp-content\/uploads\/sites\/2\/2021\/04\/Pfizer-preve-lancar-pilula-contra-Covid-19-ainda-neste-ano.jpg 960w, https:\/\/tvtecjundiai.com.br\/news\/wp-content\/uploads\/sites\/2\/2021\/04\/Pfizer-preve-lancar-pilula-contra-Covid-19-ainda-neste-ano-300x199.jpg 300w, https:\/\/tvtecjundiai.com.br\/news\/wp-content\/uploads\/sites\/2\/2021\/04\/Pfizer-preve-lancar-pilula-contra-Covid-19-ainda-neste-ano-768x509.jpg 768w\" sizes=\"auto, (max-width: 960px) 100vw, 960px\" \/><figcaption>A Pfizer vai avaliar a seguran\u00e7a e a efic\u00e1cia da administra\u00e7\u00e3o conjunta da sua vacina pneumoc\u00f3cica conjugada 20-valente com uma terceira dose do imunizante contra o coronav\u00edrus<\/figcaption><\/figure>\n\n\n\n<p>Antes se recomendava que as vacinas contra COVID-19 fossem administradas sozinhas, mas, com base em experi\u00eancias com outros tipos de vacinas, o Centro de Controle e Preven\u00e7\u00e3o de Doen\u00e7as dos Estados Unidos (CDC) disse que as vacinas contra COVID-19 e outras podem ser administradas simultaneamente ou no mesmo dia.<\/p>\n\n\n\n<p>Em dezembro, a Ag\u00eancia de Alimentos e Medicamentos dos EUA (FDA) aceitou para uma an\u00e1lise priorit\u00e1ria o pedido de licen\u00e7a da Pfizer para a 20vPnC em adultos de mais de 18 anos e estabeleceu uma data de a\u00e7\u00e3o para uma decis\u00e3o em junho. A Ag\u00eancia Europeia de Medicamentos (EMA) aceitou o pedido de autoriza\u00e7\u00e3o de marketing da empresa para a 20vPnC dois meses depois.<\/p>\n\n\n\n<p><em>(Texto: Estad\u00e3o\/Imagem: TVTEC) <\/em><\/p>\n","protected":false},"excerpt":{"rendered":"<p>Participar\u00e3o da pesquisa 600 adultos com mais de 65 anos que j\u00e1 receberam as duas doses contra o Coronav\u00edrus<\/p>\n","protected":false},"author":28,"featured_media":74912,"comment_status":"closed","ping_status":"closed","sticky":false,"template":"","format":"standard","meta":{"footnotes":""},"categories":[1],"tags":[],"class_list":["post-76321","post","type-post","status-publish","format-standard","has-post-thumbnail","hentry","category-noticias"],"_links":{"self":[{"href":"https:\/\/tvtecjundiai.com.br\/news\/wp-json\/wp\/v2\/posts\/76321","targetHints":{"allow":["GET"]}}],"collection":[{"href":"https:\/\/tvtecjundiai.com.br\/news\/wp-json\/wp\/v2\/posts"}],"about":[{"href":"https:\/\/tvtecjundiai.com.br\/news\/wp-json\/wp\/v2\/types\/post"}],"author":[{"embeddable":true,"href":"https:\/\/tvtecjundiai.com.br\/news\/wp-json\/wp\/v2\/users\/28"}],"replies":[{"embeddable":true,"href":"https:\/\/tvtecjundiai.com.br\/news\/wp-json\/wp\/v2\/comments?post=76321"}],"version-history":[{"count":2,"href":"https:\/\/tvtecjundiai.com.br\/news\/wp-json\/wp\/v2\/posts\/76321\/revisions"}],"predecessor-version":[{"id":76323,"href":"https:\/\/tvtecjundiai.com.br\/news\/wp-json\/wp\/v2\/posts\/76321\/revisions\/76323"}],"wp:featuredmedia":[{"embeddable":true,"href":"https:\/\/tvtecjundiai.com.br\/news\/wp-json\/wp\/v2\/media\/74912"}],"wp:attachment":[{"href":"https:\/\/tvtecjundiai.com.br\/news\/wp-json\/wp\/v2\/media?parent=76321"}],"wp:term":[{"taxonomy":"category","embeddable":true,"href":"https:\/\/tvtecjundiai.com.br\/news\/wp-json\/wp\/v2\/categories?post=76321"},{"taxonomy":"post_tag","embeddable":true,"href":"https:\/\/tvtecjundiai.com.br\/news\/wp-json\/wp\/v2\/tags?post=76321"}],"curies":[{"name":"wp","href":"https:\/\/api.w.org\/{rel}","templated":true}]}}