{"id":76338,"date":"2021-05-24T16:50:19","date_gmt":"2021-05-24T19:50:19","guid":{"rendered":"https:\/\/tvtecjundiai.com.br\/news\/?p=76338"},"modified":"2021-05-24T16:50:19","modified_gmt":"2021-05-24T19:50:19","slug":"10-obitos-por-covid-19-sao-contabilizados-em-jundiai-nesta-segunda-feira-24","status":"publish","type":"post","link":"https:\/\/tvtecjundiai.com.br\/news\/2021\/05\/24\/10-obitos-por-covid-19-sao-contabilizados-em-jundiai-nesta-segunda-feira-24\/","title":{"rendered":"10 \u00f3bitos por COVID-19 s\u00e3o contabilizados em Jundia\u00ed nesta segunda-feira (24)"},"content":{"rendered":"\n<p>A Prefeitura de Jundia\u00ed informa que, nesta segunda-feira (24), dez \u00f3bitos foram contabilizados de residentes na cidade causados pelo Novo Coronav\u00edrus.<\/p>\n\n\n\n<p>Homem, 70 anos, portador de doen\u00e7a cardiovascular cr\u00f4nica. Internou 29\/03 (mar\u00e7o) e faleceu 23\/05 no hospital S\u00e3o Vicente.<\/p>\n\n\n\n<p>Mulher, 50 anos, obesa, portadora de neoplasia. Internou 15\/05 e faleceu 22\/05 em hospital privado da cidade.<\/p>\n\n\n\n<p>Homem, 63 anos, sem comorbidades registradas. Internou 22\/04 e faleceu 23\/05 hospital privado da cidade.<\/p>\n\n\n\n<p>Homem, 78 anos, portador de doen\u00e7a cardiovascular cr\u00f4nica e diabetes. Internou 15\/05 e faleceu 23\/05 hospital privado da cidade.<\/p>\n\n\n\n<p>Mulher, 60 anos, portadora de doen\u00e7a cardiovascular e nefropatia cr\u00f4nicas. Internou 18\/05 e faleceu 24\/05 no hospital S\u00e3o Vicente.<\/p>\n\n\n\n<p>Homem, 53 anos, portador de doen\u00e7a cardiovascular cr\u00f4nica e diabetes. Internou 23\/05 e faleceu 24\/05 hospital privado da cidade.<\/p>\n\n\n\n<p>Mulher, 22 anos, com S\u00edndrome de Down. Internou 13\/05 e faleceu 24\/05 no hospital S\u00e3o Vicente.<\/p>\n\n\n\n<p>Homem, 65 anos, obeso, portador de doen\u00e7a cardiovascular cr\u00f4nica e diabetes. Internou 21\/05 e faleceu 22\/05 no hospital S\u00e3o Vicente.<\/p>\n\n\n\n<p>Homem, 91 anos, sem comorbidades registradas. Internou 21\/05 e faleceu 23\/05 hospital privado da cidade.<\/p>\n\n\n\n<p>Homem, 88 anos, portador de doen\u00e7a cardiovascular e pneumopatia cr\u00f4nicas. Internou 21\/05 e faleceu 23\/05 no hospital S\u00e3o Vicente.<\/p>\n\n\n\n<p>At\u00e9 o momento, a cidade registra 1173 \u00f3bitos causados pela COVID-19 desde o in\u00edcio da pandemia.<\/p>\n\n\n\n<figure class=\"wp-block-image size-large\"><img loading=\"lazy\" decoding=\"async\" width=\"960\" height=\"960\" src=\"https:\/\/tvtecjundiai.com.br\/news\/wp-content\/uploads\/sites\/2\/2021\/05\/slide1-17-960x960.png\" alt=\"\" class=\"wp-image-76339\" srcset=\"https:\/\/tvtecjundiai.com.br\/news\/wp-content\/uploads\/sites\/2\/2021\/05\/slide1-17-960x960.png 960w, https:\/\/tvtecjundiai.com.br\/news\/wp-content\/uploads\/sites\/2\/2021\/05\/slide1-17-300x300.png 300w, https:\/\/tvtecjundiai.com.br\/news\/wp-content\/uploads\/sites\/2\/2021\/05\/slide1-17-100x100.png 100w, https:\/\/tvtecjundiai.com.br\/news\/wp-content\/uploads\/sites\/2\/2021\/05\/slide1-17-768x768.png 768w, https:\/\/tvtecjundiai.com.br\/news\/wp-content\/uploads\/sites\/2\/2021\/05\/slide1-17.png 1280w\" sizes=\"auto, (max-width: 960px) 100vw, 960px\" \/><\/figure>\n\n\n\n<figure class=\"wp-block-image size-large\"><img loading=\"lazy\" decoding=\"async\" width=\"960\" height=\"960\" src=\"https:\/\/tvtecjundiai.com.br\/news\/wp-content\/uploads\/sites\/2\/2021\/05\/slide2-15-960x960.png\" alt=\"\" class=\"wp-image-76340\" srcset=\"https:\/\/tvtecjundiai.com.br\/news\/wp-content\/uploads\/sites\/2\/2021\/05\/slide2-15-960x960.png 960w, https:\/\/tvtecjundiai.com.br\/news\/wp-content\/uploads\/sites\/2\/2021\/05\/slide2-15-300x300.png 300w, https:\/\/tvtecjundiai.com.br\/news\/wp-content\/uploads\/sites\/2\/2021\/05\/slide2-15-100x100.png 100w, https:\/\/tvtecjundiai.com.br\/news\/wp-content\/uploads\/sites\/2\/2021\/05\/slide2-15-768x768.png 768w, https:\/\/tvtecjundiai.com.br\/news\/wp-content\/uploads\/sites\/2\/2021\/05\/slide2-15.png 1280w\" sizes=\"auto, (max-width: 960px) 100vw, 960px\" \/><\/figure>\n\n\n\n<p><em>(Texto\/Imagens: Prefeitura de Jundia\u00ed)<\/em><\/p>\n","protected":false},"excerpt":{"rendered":"<p>At\u00e9 o momento, a cidade registra 1173 \u00f3bitos causados pela COVID-19 desde o in\u00edcio da pandemia<\/p>\n","protected":false},"author":28,"featured_media":68605,"comment_status":"closed","ping_status":"closed","sticky":false,"template":"","format":"standard","meta":{"footnotes":""},"categories":[8356,1],"tags":[],"class_list":["post-76338","post","type-post","status-publish","format-standard","has-post-thumbnail","hentry","category-jundiai","category-noticias"],"_links":{"self":[{"href":"https:\/\/tvtecjundiai.com.br\/news\/wp-json\/wp\/v2\/posts\/76338","targetHints":{"allow":["GET"]}}],"collection":[{"href":"https:\/\/tvtecjundiai.com.br\/news\/wp-json\/wp\/v2\/posts"}],"about":[{"href":"https:\/\/tvtecjundiai.com.br\/news\/wp-json\/wp\/v2\/types\/post"}],"author":[{"embeddable":true,"href":"https:\/\/tvtecjundiai.com.br\/news\/wp-json\/wp\/v2\/users\/28"}],"replies":[{"embeddable":true,"href":"https:\/\/tvtecjundiai.com.br\/news\/wp-json\/wp\/v2\/comments?post=76338"}],"version-history":[{"count":1,"href":"https:\/\/tvtecjundiai.com.br\/news\/wp-json\/wp\/v2\/posts\/76338\/revisions"}],"predecessor-version":[{"id":76341,"href":"https:\/\/tvtecjundiai.com.br\/news\/wp-json\/wp\/v2\/posts\/76338\/revisions\/76341"}],"wp:featuredmedia":[{"embeddable":true,"href":"https:\/\/tvtecjundiai.com.br\/news\/wp-json\/wp\/v2\/media\/68605"}],"wp:attachment":[{"href":"https:\/\/tvtecjundiai.com.br\/news\/wp-json\/wp\/v2\/media?parent=76338"}],"wp:term":[{"taxonomy":"category","embeddable":true,"href":"https:\/\/tvtecjundiai.com.br\/news\/wp-json\/wp\/v2\/categories?post=76338"},{"taxonomy":"post_tag","embeddable":true,"href":"https:\/\/tvtecjundiai.com.br\/news\/wp-json\/wp\/v2\/tags?post=76338"}],"curies":[{"name":"wp","href":"https:\/\/api.w.org\/{rel}","templated":true}]}}