{"id":76363,"date":"2021-05-25T09:54:44","date_gmt":"2021-05-25T12:54:44","guid":{"rendered":"https:\/\/tvtecjundiai.com.br\/news\/?p=76363"},"modified":"2021-05-25T10:06:07","modified_gmt":"2021-05-25T13:06:07","slug":"prefeitura-de-jundiai-solta-nora-sobre-a-paralisacao-do-transporte-publico","status":"publish","type":"post","link":"https:\/\/tvtecjundiai.com.br\/news\/2021\/05\/25\/prefeitura-de-jundiai-solta-nora-sobre-a-paralisacao-do-transporte-publico\/","title":{"rendered":"Prefeitura de Jundia\u00ed solta nota sobre a paralisa\u00e7\u00e3o do transporte p\u00fablico"},"content":{"rendered":"\n<p>A Unidade de Gest\u00e3o de Mobilidade e Transporte (UGMT) informa que os trabalhadores das empresas de transporte p\u00fablico retornam aos postos e a expectativa \u00e9 de o atendimento esteja em funcionamento em uma hora.<\/p>\n\n\n\n<p>A Prefeitura de Jundia\u00ed \u00e9 solid\u00e1ria \u00e0 necessidade de vacina\u00e7\u00e3o contra a COVID-19 aos trabalhadores do sistema de transporte p\u00fablico, tendo realizado diversas solicita\u00e7\u00f5es junto ao Governo do Estado para a libera\u00e7\u00e3o das doses para a categoria em Jundia\u00ed. At\u00e9 o momento, n\u00e3o houve informa\u00e7\u00e3o da data da libera\u00e7\u00e3o das doses para o munic\u00edpio.<\/p>\n\n\n\n<p>Jundia\u00ed conta com atendimento em quantitativo superior \u00e0 demanda, operando com efetivo equivalente \u00e0 Fase Amarela do Plano S\u00e3o Paulo de Retomada Econ\u00f4mica.<\/p>\n\n\n\n<p>Com rela\u00e7\u00e3o \u00e0s demais demandas, a UGMT est\u00e1 acompanhando as negocia\u00e7\u00f5es entre concession\u00e1ria, sindicato e trabalhadores, pontuando que o momento da economia \u00e9 delicado devido aos reflexos da pandemia, e visando assegurar o equil\u00edbrio e a presta\u00e7\u00e3o de servi\u00e7o \u00e0 popula\u00e7\u00e3o..<\/p>\n\n\n\n<p><em>(Fonte: Prefeitura de Jundia\u00ed)<\/em><\/p>\n","protected":false},"excerpt":{"rendered":"<p>A expectativa \u00e9 que o atendimento esteja em funcionamento em uma hora<\/p>\n","protected":false},"author":25,"featured_media":73261,"comment_status":"closed","ping_status":"closed","sticky":false,"template":"","format":"standard","meta":{"footnotes":""},"categories":[1,3059],"tags":[],"class_list":["post-76363","post","type-post","status-publish","format-standard","has-post-thumbnail","hentry","category-noticias","category-transportes"],"_links":{"self":[{"href":"https:\/\/tvtecjundiai.com.br\/news\/wp-json\/wp\/v2\/posts\/76363","targetHints":{"allow":["GET"]}}],"collection":[{"href":"https:\/\/tvtecjundiai.com.br\/news\/wp-json\/wp\/v2\/posts"}],"about":[{"href":"https:\/\/tvtecjundiai.com.br\/news\/wp-json\/wp\/v2\/types\/post"}],"author":[{"embeddable":true,"href":"https:\/\/tvtecjundiai.com.br\/news\/wp-json\/wp\/v2\/users\/25"}],"replies":[{"embeddable":true,"href":"https:\/\/tvtecjundiai.com.br\/news\/wp-json\/wp\/v2\/comments?post=76363"}],"version-history":[{"count":3,"href":"https:\/\/tvtecjundiai.com.br\/news\/wp-json\/wp\/v2\/posts\/76363\/revisions"}],"predecessor-version":[{"id":76368,"href":"https:\/\/tvtecjundiai.com.br\/news\/wp-json\/wp\/v2\/posts\/76363\/revisions\/76368"}],"wp:featuredmedia":[{"embeddable":true,"href":"https:\/\/tvtecjundiai.com.br\/news\/wp-json\/wp\/v2\/media\/73261"}],"wp:attachment":[{"href":"https:\/\/tvtecjundiai.com.br\/news\/wp-json\/wp\/v2\/media?parent=76363"}],"wp:term":[{"taxonomy":"category","embeddable":true,"href":"https:\/\/tvtecjundiai.com.br\/news\/wp-json\/wp\/v2\/categories?post=76363"},{"taxonomy":"post_tag","embeddable":true,"href":"https:\/\/tvtecjundiai.com.br\/news\/wp-json\/wp\/v2\/tags?post=76363"}],"curies":[{"name":"wp","href":"https:\/\/api.w.org\/{rel}","templated":true}]}}