{"id":76379,"date":"2021-05-25T13:20:36","date_gmt":"2021-05-25T16:20:36","guid":{"rendered":"https:\/\/tvtecjundiai.com.br\/news\/?p=76379"},"modified":"2021-05-25T13:20:36","modified_gmt":"2021-05-25T16:20:36","slug":"fundo-social-de-jundiai-abre-inscricoes-para-curso-presencial-de-cuidador-de-idosos","status":"publish","type":"post","link":"https:\/\/tvtecjundiai.com.br\/news\/2021\/05\/25\/fundo-social-de-jundiai-abre-inscricoes-para-curso-presencial-de-cuidador-de-idosos\/","title":{"rendered":"Fundo Social de Jundia\u00ed abre inscri\u00e7\u00f5es para curso presencial de Cuidador de Idosos"},"content":{"rendered":"\n<p>Com voca\u00e7\u00e3o voltada \u00e0 qualifica\u00e7\u00e3o profissional e com o objetivo de contribuir com o fortalecimento das fam\u00edlias de Jundia\u00ed, o Fundo Social de Solidariedade (Funss) realiza, a partir desta ter\u00e7a-feira (25), inscri\u00e7\u00f5es para o curso presencial de Cuidador de Idosos. As matr\u00edculas dever\u00e3o ser feitas pela internet at\u00e9 esta quinta-feira (27), \u00e0s 16h, por meio do link: https:\/\/forms.gle\/aaWfysZJnRXpi4Hp7<\/p>\n\n\n\n<p>A capacita\u00e7\u00e3o \u00e9 fruto de uma parceria do Fundo Social com o Centro Paula Souza (CPS) Ao todo, ser\u00e3o oferecidas 20 vagas gratuitas. Poder\u00e3o participar pessoas com 18 anos ou mais, com Ensino Fundamental completo e residentes em Jundia\u00ed. O crit\u00e9rio de preenchimento das vagas \u00e9 a ordem de envio do formul\u00e1rio, que considera hora, minuto e segundo. Os nomes dos alunos matriculados ser\u00e3o divulgados no site da Prefeitura de Jundia\u00ed. As fichas n\u00e3o contempladas est\u00e3o, automaticamente, na lista de espera e poder\u00e3o ser convocadas em caso de desist\u00eancia.<\/p>\n\n\n\n<figure class=\"wp-block-image size-large\"><img loading=\"lazy\" decoding=\"async\" width=\"1200\" height=\"800\" src=\"https:\/\/tvtecjundiai.com.br\/news\/wp-content\/uploads\/sites\/2\/2021\/05\/cuidador-de-idosos-2-1200x800.jpg\" alt=\"\" class=\"wp-image-76380\" srcset=\"https:\/\/tvtecjundiai.com.br\/news\/wp-content\/uploads\/sites\/2\/2021\/05\/cuidador-de-idosos-2-1200x800.jpg 1200w, https:\/\/tvtecjundiai.com.br\/news\/wp-content\/uploads\/sites\/2\/2021\/05\/cuidador-de-idosos-2-300x200.jpg 300w, https:\/\/tvtecjundiai.com.br\/news\/wp-content\/uploads\/sites\/2\/2021\/05\/cuidador-de-idosos-2-768x512.jpg 768w, https:\/\/tvtecjundiai.com.br\/news\/wp-content\/uploads\/sites\/2\/2021\/05\/cuidador-de-idosos-2.jpg 1280w\" sizes=\"auto, (max-width: 1200px) 100vw, 1200px\" \/><figcaption>Curso de Cuidador de Idosos ser\u00e1 presencial e seguir\u00e1 normas de seguran\u00e7a sanit\u00e1rias<\/figcaption><\/figure>\n\n\n\n<p>O curso de Cuidador de Idosos ser\u00e1 presencial e ser\u00e3o seguidas todas as normas de seguran\u00e7a sanit\u00e1rias como distanciamento social, capacidade m\u00e1xima da sala e uso de \u00e1lcool em gel, entre outros. O uso de m\u00e1scara \u00e9 obrigat\u00f3rio. N\u00e3o ser\u00e1 permitida a entrada e a perman\u00eancia de alunos sem m\u00e1scara.<\/p>\n\n\n\n<p>As aulas ser\u00e3o realizadas de 01\/06 (ter\u00e7a-feira) a 29\/06\/2021 (ter\u00e7a-feira), das 18h \u00e0s 22h, sempre \u00e0s segundas, ter\u00e7as, quartas e quintas-feiras.<\/p>\n\n\n\n<p>O Fundo Social est\u00e1 localizado dentro do Parque da Uva. O acesso \u00e9 pela avenida Dona Manoela Lacerda de Vergueiro, s\/n, port\u00e3o 03, bairro Anhangaba\u00fa. O funcionamento da unidade \u00e9 de segunda a sexta-feira, das 8h \u00e0s 17h, exceto feriados. Informa\u00e7\u00f5es: (11) 4521-2762, 4521-2929 e 4521-6833.<\/p>\n\n\n\n<p><em>(Texto\/Imagem: Prefeitura de Jundia\u00ed)<\/em><\/p>\n","protected":false},"excerpt":{"rendered":"<p>As matr\u00edculas dever\u00e3o ser feitas pela internet at\u00e9 esta quinta-feira (27), \u00e0s 16h<\/p>\n","protected":false},"author":28,"featured_media":76380,"comment_status":"closed","ping_status":"closed","sticky":false,"template":"","format":"standard","meta":{"footnotes":""},"categories":[8356,1],"tags":[],"class_list":["post-76379","post","type-post","status-publish","format-standard","has-post-thumbnail","hentry","category-jundiai","category-noticias"],"_links":{"self":[{"href":"https:\/\/tvtecjundiai.com.br\/news\/wp-json\/wp\/v2\/posts\/76379","targetHints":{"allow":["GET"]}}],"collection":[{"href":"https:\/\/tvtecjundiai.com.br\/news\/wp-json\/wp\/v2\/posts"}],"about":[{"href":"https:\/\/tvtecjundiai.com.br\/news\/wp-json\/wp\/v2\/types\/post"}],"author":[{"embeddable":true,"href":"https:\/\/tvtecjundiai.com.br\/news\/wp-json\/wp\/v2\/users\/28"}],"replies":[{"embeddable":true,"href":"https:\/\/tvtecjundiai.com.br\/news\/wp-json\/wp\/v2\/comments?post=76379"}],"version-history":[{"count":1,"href":"https:\/\/tvtecjundiai.com.br\/news\/wp-json\/wp\/v2\/posts\/76379\/revisions"}],"predecessor-version":[{"id":76381,"href":"https:\/\/tvtecjundiai.com.br\/news\/wp-json\/wp\/v2\/posts\/76379\/revisions\/76381"}],"wp:featuredmedia":[{"embeddable":true,"href":"https:\/\/tvtecjundiai.com.br\/news\/wp-json\/wp\/v2\/media\/76380"}],"wp:attachment":[{"href":"https:\/\/tvtecjundiai.com.br\/news\/wp-json\/wp\/v2\/media?parent=76379"}],"wp:term":[{"taxonomy":"category","embeddable":true,"href":"https:\/\/tvtecjundiai.com.br\/news\/wp-json\/wp\/v2\/categories?post=76379"},{"taxonomy":"post_tag","embeddable":true,"href":"https:\/\/tvtecjundiai.com.br\/news\/wp-json\/wp\/v2\/tags?post=76379"}],"curies":[{"name":"wp","href":"https:\/\/api.w.org\/{rel}","templated":true}]}}