{"id":76382,"date":"2021-05-25T13:26:20","date_gmt":"2021-05-25T16:26:20","guid":{"rendered":"https:\/\/tvtecjundiai.com.br\/news\/?p=76382"},"modified":"2021-05-25T14:25:49","modified_gmt":"2021-05-25T17:25:49","slug":"programa-nascentes-jundiai-ja-soma-34-hectares-de-areas-rurais-em-processo-de-recuperacao","status":"publish","type":"post","link":"https:\/\/tvtecjundiai.com.br\/news\/2021\/05\/25\/programa-nascentes-jundiai-ja-soma-34-hectares-de-areas-rurais-em-processo-de-recuperacao\/","title":{"rendered":"Programa Nascentes Jundia\u00ed j\u00e1 soma 34 hectares de \u00e1reas rurais em processo de recupera\u00e7\u00e3o"},"content":{"rendered":"\n<p id=\"block-42e34515-d1de-4189-be9a-dded6015156f\">O Programa Nascentes Jundia\u00ed, sob a responsabilidade da Unidade de Gest\u00e3o de Agroneg\u00f3cio, Abastecimento e Turismo, j\u00e1 soma 41 propriedades rurais participantes. O objetivo \u00e9 a implanta\u00e7\u00e3o de a\u00e7\u00f5es de conserva\u00e7\u00e3o, restaura\u00e7\u00e3o e recupera\u00e7\u00e3o para a adequa\u00e7\u00e3o ambiental de propriedades rurais em todo o munic\u00edpio de Jundia\u00ed, em especial para a Bacia do Rio Jundia\u00ed Mirim, que \u00e9 o principal manancial de abastecimento p\u00fablico da cidade.<\/p>\n\n\n\n<p id=\"block-196cecb0-90cb-4590-b804-091c4d573e2c\">\u201cO programa Nascentes Jundia\u00ed \u00e9 uma alegria\u201d, comenta Ana Maria Pires, coordenadora do Programa Nascentes Jundia\u00ed dentro do Departamento de Agroneg\u00f3cio. \u201d Hoje temos 34 hectares em processo de restaura\u00e7\u00e3o e, fazendo o trabalho especificamente nessas \u00e1reas produtivas, o resultado \u00e9 ainda maior, uma vez que o foco de nossas a\u00e7\u00f5es, no nosso Departamento, \u00e9 orientar e auxiliar o produtor rural de Jundia\u00ed, tanto nas orienta\u00e7\u00f5es t\u00e9cnicas em suas produ\u00e7\u00f5es agr\u00edcolas, quanto na quest\u00e3o de adequa\u00e7\u00e3o ambiental de suas propriedades.<\/p>\n\n\n\n<p id=\"block-660028f8-bbfa-4ac4-9b07-0750f5426586\">Podem participar do programa propriet\u00e1rios rurais de \u00e1reas preferencialmente produtivas inseridas em zona rural ou urbana que possuam \u00c1reas de Preserva\u00e7\u00e3o Permanente desprotegidas (nascentes e cursos d\u2019\u00e1gua) ou outras \u00e1reas onde haja a possibilidade de revegeta\u00e7\u00e3o. Basta apresentar uma c\u00f3pia do Cadastro Ambiental Rural (CAR) na Unidade de Gest\u00e3o do Agroneg\u00f3cio, Abastecimento e Turismo (Pa\u00e7o Municipal) e preencher o pedido de inscri\u00e7\u00e3o no Programa Nascentes Jundia\u00ed.<\/p>\n\n\n\n<p id=\"block-0ceb7b3d-6125-4ff9-ae32-a65e656dc531\">Caso a \u00e1rea esteja apta a participar, ser\u00e1 feito um mapa georreferenciado e o Diagn\u00f3stico Ambiental da propriedade, para que a \u00e1rea seja inclu\u00edda no Banco de \u00c1reas para Restaura\u00e7\u00e3o (BARE). Os produtores rurais que t\u00eam o interesse de participar podem preencher o formul\u00e1rio no site do Agroneg\u00f3cio. Em caso de d\u00favidas sobre o programa, pode entrar no site&nbsp;<a href=\"https:\/\/docs.google.com\/forms\/d\/e\/1FAIpQLScvn7wr0K0Wt9MLQyYGOA6Y2Nk1irK02RygOxuEV3ElTnQx9g\/viewform\">https:\/\/docs.google.com\/forms\/d\/e\/1FAIpQLScvn7wr0K0Wt9MLQyYGOA6Y2Nk1irK02RygOxuEV3ElTnQx9g\/viewform<\/a>, em contato pelo e-mail agronegocio@jundiai.sp.gov.br ou pelo telefone 4589-8581\/8692\/8872, de segunda a sexta-feira, das 8 \u00e0s 17 horas.<\/p>\n\n\n\n<p>Para conferir o v\u00eddeo sobre o Programa Nascentes Jundia\u00ed,&nbsp;<a href=\"https:\/\/studio.youtube.com\/video\/QJewo7qlcPI\/edit\"><strong>clique aqui.<\/strong><\/a><\/p>\n\n\n\n<figure class=\"wp-block-image size-large\"><img loading=\"lazy\" decoding=\"async\" width=\"1160\" height=\"848\" src=\"https:\/\/tvtecjundiai.com.br\/news\/wp-content\/uploads\/sites\/2\/2021\/05\/programa-nascentes-26g-1160x848-1.jpg\" alt=\"\" class=\"wp-image-76383\" srcset=\"https:\/\/tvtecjundiai.com.br\/news\/wp-content\/uploads\/sites\/2\/2021\/05\/programa-nascentes-26g-1160x848-1.jpg 1160w, https:\/\/tvtecjundiai.com.br\/news\/wp-content\/uploads\/sites\/2\/2021\/05\/programa-nascentes-26g-1160x848-1-300x219.jpg 300w, https:\/\/tvtecjundiai.com.br\/news\/wp-content\/uploads\/sites\/2\/2021\/05\/programa-nascentes-26g-1160x848-1-768x561.jpg 768w\" sizes=\"auto, (max-width: 1160px) 100vw, 1160px\" \/><figcaption>Programa Nascentes \u00e9 desenvolvido na bacia do rio Jundia\u00ed Mirim, para a recupera\u00e7\u00e3o de \u00e1reas de prote\u00e7\u00e3o permanente<\/figcaption><\/figure>\n\n\n\n<p><em>(Texto\/Imagem: Prefeitura de Jundia\u00ed)<\/em><\/p>\n","protected":false},"excerpt":{"rendered":"<p>Objetivo \u00e9 implanta\u00e7\u00e3o de a\u00e7\u00f5es para a adequa\u00e7\u00e3o ambiental de propriedades rurais em todo o munic\u00edpio de Jundia\u00ed<\/p>\n","protected":false},"author":28,"featured_media":76383,"comment_status":"closed","ping_status":"closed","sticky":false,"template":"","format":"standard","meta":{"footnotes":""},"categories":[8356,1],"tags":[],"class_list":["post-76382","post","type-post","status-publish","format-standard","has-post-thumbnail","hentry","category-jundiai","category-noticias"],"_links":{"self":[{"href":"https:\/\/tvtecjundiai.com.br\/news\/wp-json\/wp\/v2\/posts\/76382","targetHints":{"allow":["GET"]}}],"collection":[{"href":"https:\/\/tvtecjundiai.com.br\/news\/wp-json\/wp\/v2\/posts"}],"about":[{"href":"https:\/\/tvtecjundiai.com.br\/news\/wp-json\/wp\/v2\/types\/post"}],"author":[{"embeddable":true,"href":"https:\/\/tvtecjundiai.com.br\/news\/wp-json\/wp\/v2\/users\/28"}],"replies":[{"embeddable":true,"href":"https:\/\/tvtecjundiai.com.br\/news\/wp-json\/wp\/v2\/comments?post=76382"}],"version-history":[{"count":2,"href":"https:\/\/tvtecjundiai.com.br\/news\/wp-json\/wp\/v2\/posts\/76382\/revisions"}],"predecessor-version":[{"id":76389,"href":"https:\/\/tvtecjundiai.com.br\/news\/wp-json\/wp\/v2\/posts\/76382\/revisions\/76389"}],"wp:featuredmedia":[{"embeddable":true,"href":"https:\/\/tvtecjundiai.com.br\/news\/wp-json\/wp\/v2\/media\/76383"}],"wp:attachment":[{"href":"https:\/\/tvtecjundiai.com.br\/news\/wp-json\/wp\/v2\/media?parent=76382"}],"wp:term":[{"taxonomy":"category","embeddable":true,"href":"https:\/\/tvtecjundiai.com.br\/news\/wp-json\/wp\/v2\/categories?post=76382"},{"taxonomy":"post_tag","embeddable":true,"href":"https:\/\/tvtecjundiai.com.br\/news\/wp-json\/wp\/v2\/tags?post=76382"}],"curies":[{"name":"wp","href":"https:\/\/api.w.org\/{rel}","templated":true}]}}