{"id":76392,"date":"2021-05-25T16:14:06","date_gmt":"2021-05-25T19:14:06","guid":{"rendered":"https:\/\/tvtecjundiai.com.br\/news\/?p=76392"},"modified":"2021-05-25T17:18:44","modified_gmt":"2021-05-25T20:18:44","slug":"hospital-sao-vicente-cria-prontuarios-afetivos-para-pacientes-na-uti-covid-2","status":"publish","type":"post","link":"https:\/\/tvtecjundiai.com.br\/news\/2021\/05\/25\/hospital-sao-vicente-cria-prontuarios-afetivos-para-pacientes-na-uti-covid-2\/","title":{"rendered":"Time do cora\u00e7\u00e3o e m\u00fasica preferida: hospital S\u00e3o Vicente cria &#8216;prontu\u00e1rios afetivos&#8217; para pacientes COVID-19"},"content":{"rendered":"\n<p>&#8220;Casado h\u00e1 50 anos com a dona Cenira. Torcedor do Paulista que ama assistir Chaves, contar piadas e fazer brincadeiras. Sua comida favorita \u00e9 frango com batata&#8221;. Parecem caracter\u00edsticas simples, mas se tornaram muito especiais para que todos conhecessem Ademar Crais no Hospital S\u00e3o Vicente em Jundia\u00ed.<\/p>\n\n\n\n<p>Ele foi um dos pacientes da UTI Covid que ganhou um prontu\u00e1rio afetivo. O projeto foi implantado no in\u00edcio do m\u00eas de maio pela psic\u00f3loga Nayara Pancelli como uma forma de humanizar o tratamento.<\/p>\n\n\n\n<p>A profissional contou que se inspirou no projeto da m\u00e9dica reumatologista Isadora Jochims, do Hospital Universit\u00e1rio de Bras\u00edlia. &#8220;Assim que vi a iniciativa na internet j\u00e1 me apaixonei e quis adaptar pra nossa unidade. Estamos h\u00e1 mais de um ano trabalhando no isolamento de COVID e, nesse tempo de isolamento e distanciamento entre paciente e familiares, o carinho e a aten\u00e7\u00e3o s\u00e3o tamb\u00e9m essenciais no tratamento&#8221;, explica.<\/p>\n\n\n\n<figure class=\"wp-block-image size-large\"><img loading=\"lazy\" decoding=\"async\" width=\"984\" height=\"571\" src=\"https:\/\/tvtecjundiai.com.br\/news\/wp-content\/uploads\/sites\/2\/2021\/05\/saovicente.jpg\" alt=\"\" class=\"wp-image-76394\" srcset=\"https:\/\/tvtecjundiai.com.br\/news\/wp-content\/uploads\/sites\/2\/2021\/05\/saovicente.jpg 984w, https:\/\/tvtecjundiai.com.br\/news\/wp-content\/uploads\/sites\/2\/2021\/05\/saovicente-300x174.jpg 300w, https:\/\/tvtecjundiai.com.br\/news\/wp-content\/uploads\/sites\/2\/2021\/05\/saovicente-768x446.jpg 768w\" sizes=\"auto, (max-width: 984px) 100vw, 984px\" \/><figcaption>Hospital de Jundia\u00ed cria &#8216;prontu\u00e1rios afetivos&#8217; para pacientes na UTI COVID<\/figcaption><\/figure>\n\n\n\n<p>Como todos os pacientes que ficam na Unidade de Suporte Intermedi\u00e1rio (USI), onde Nayara trabalha, chegam intubados e, normalmente, sedados, a equipe n\u00e3o p\u00f4de conhecer a personalidade de cada um. &#8220;N\u00e3o conhecemos a voz, n\u00e3o sabemos da hist\u00f3ria&#8230; O paciente n\u00e3o consegue interagir com a equipe &#8220;, diz.<\/p>\n\n\n\n<p>A psic\u00f3loga fez uma adapta\u00e7\u00e3o do projeto e apresentou ao hospital. Segundo ela, a iniciativa foi muito bem recebida e at\u00e9 emocionou alguns membros da equipe. &#8220;Quando cheguei com o primeiro prontu\u00e1rio, paramos todos no leito do paciente e eu li em voz alta. Foi muito emocionante. Pudemos olhar para o paciente al\u00e9m do leito. Conhecer quem s\u00e3o como pessoas&#8221;, conta.<\/p>\n\n\n\n<p>As informa\u00e7\u00f5es chegam pelos pr\u00f3prios familiares. Em uma liga\u00e7\u00e3o, Nayara pergunta sobre hobbies, gostos, e caracter\u00edstica de cada pessoa. &#8220;Muitas fam\u00edlias se emocionam durante a liga\u00e7\u00e3o, porque parece ser algo t\u00e3o simples, mas em um momento dif\u00edcil, elas se apegam \u00e0 essas mem\u00f3rias&#8221;, diz.<\/p>\n\n\n\n<figure class=\"wp-block-image size-large\"><img loading=\"lazy\" decoding=\"async\" width=\"984\" height=\"571\" src=\"https:\/\/tvtecjundiai.com.br\/news\/wp-content\/uploads\/sites\/2\/2021\/05\/saovicente2.jpg\" alt=\"\" class=\"wp-image-76395\" srcset=\"https:\/\/tvtecjundiai.com.br\/news\/wp-content\/uploads\/sites\/2\/2021\/05\/saovicente2.jpg 984w, https:\/\/tvtecjundiai.com.br\/news\/wp-content\/uploads\/sites\/2\/2021\/05\/saovicente2-300x174.jpg 300w, https:\/\/tvtecjundiai.com.br\/news\/wp-content\/uploads\/sites\/2\/2021\/05\/saovicente2-768x446.jpg 768w\" sizes=\"auto, (max-width: 984px) 100vw, 984px\" \/><figcaption>Prontu\u00e1rios personalizados s\u00e3o criados pela equipe do HSV: atendimento humanizado<\/figcaption><\/figure>\n\n\n\n<p>Depois de prontos, os prontu\u00e1rios s\u00e3o deixados nos leitos de cada paciente, e as informa\u00e7\u00f5es ajudam tamb\u00e9m no tratamento. Segundo a profissional, a equipe tem o costume de conversar com cada um deles, mesmo que estejam intubados e sedados.<\/p>\n\n\n\n<p>&#8220;Conversamos muito com cada um. Estimulamos cada paciente, pedimos licen\u00e7a para examinar e sempre nos apresentamos, mesmo quando est\u00e3o inconscientes. Agora, com o prontu\u00e1rio, podemos falar sobre coisas que eles gostam, falar dos filhos, dos netos, do time de futebol. Temos certeza que isso ajuda muito&#8221;, explica.<\/p>\n\n\n\n<p><em>(Texto: G1\/Imagem: Assessoria HSV)<\/em><\/p>\n","protected":false},"excerpt":{"rendered":"<p>Projeto consiste na cria\u00e7\u00e3o de um prontu\u00e1rio psicol\u00f3gico com caracter\u00edsticas \u00fanicas de cada paciente<\/p>\n","protected":false},"author":28,"featured_media":76411,"comment_status":"closed","ping_status":"closed","sticky":false,"template":"","format":"standard","meta":{"footnotes":""},"categories":[8356,1],"tags":[],"class_list":["post-76392","post","type-post","status-publish","format-standard","has-post-thumbnail","hentry","category-jundiai","category-noticias"],"_links":{"self":[{"href":"https:\/\/tvtecjundiai.com.br\/news\/wp-json\/wp\/v2\/posts\/76392","targetHints":{"allow":["GET"]}}],"collection":[{"href":"https:\/\/tvtecjundiai.com.br\/news\/wp-json\/wp\/v2\/posts"}],"about":[{"href":"https:\/\/tvtecjundiai.com.br\/news\/wp-json\/wp\/v2\/types\/post"}],"author":[{"embeddable":true,"href":"https:\/\/tvtecjundiai.com.br\/news\/wp-json\/wp\/v2\/users\/28"}],"replies":[{"embeddable":true,"href":"https:\/\/tvtecjundiai.com.br\/news\/wp-json\/wp\/v2\/comments?post=76392"}],"version-history":[{"count":2,"href":"https:\/\/tvtecjundiai.com.br\/news\/wp-json\/wp\/v2\/posts\/76392\/revisions"}],"predecessor-version":[{"id":76410,"href":"https:\/\/tvtecjundiai.com.br\/news\/wp-json\/wp\/v2\/posts\/76392\/revisions\/76410"}],"wp:featuredmedia":[{"embeddable":true,"href":"https:\/\/tvtecjundiai.com.br\/news\/wp-json\/wp\/v2\/media\/76411"}],"wp:attachment":[{"href":"https:\/\/tvtecjundiai.com.br\/news\/wp-json\/wp\/v2\/media?parent=76392"}],"wp:term":[{"taxonomy":"category","embeddable":true,"href":"https:\/\/tvtecjundiai.com.br\/news\/wp-json\/wp\/v2\/categories?post=76392"},{"taxonomy":"post_tag","embeddable":true,"href":"https:\/\/tvtecjundiai.com.br\/news\/wp-json\/wp\/v2\/tags?post=76392"}],"curies":[{"name":"wp","href":"https:\/\/api.w.org\/{rel}","templated":true}]}}