{"id":76414,"date":"2021-05-26T09:30:00","date_gmt":"2021-05-26T12:30:00","guid":{"rendered":"https:\/\/tvtecjundiai.com.br\/news\/?p=76414"},"modified":"2021-05-26T13:27:44","modified_gmt":"2021-05-26T16:27:44","slug":"prefeitura-de-jundiai-e-tvtec-lancam-curso-com-objetivo-de-inserir-idosos-nas-redes-sociais","status":"publish","type":"post","link":"https:\/\/tvtecjundiai.com.br\/news\/2021\/05\/26\/prefeitura-de-jundiai-e-tvtec-lancam-curso-com-objetivo-de-inserir-idosos-nas-redes-sociais\/","title":{"rendered":"Prefeitura de Jundia\u00ed e TVTEC lan\u00e7am curso com objetivo de inserir idosos nas redes sociais"},"content":{"rendered":"\n<p>Aprender a mexer nos aplicativos do Google, navegar pelo Instagram e Facebook e a utilizar o WhatsApp ser\u00e3o os temas abordados no curso oferecido aos idosos da Assessoria Municipal do Idoso, da Prefeitura de Jundia\u00ed. O curso \u201cIntrodu\u00e7\u00e3o ao Google Apps, Instagram, Facebook e WhatsApp\u201d foi uma solicita\u00e7\u00e3o da pr\u00f3pria assessoria e ser\u00e1 ofertado aos idosos atendidos pela institui\u00e7\u00e3o.<\/p>\n\n\n\n<p>O objetivo do curso \u00e9 ajudar aquelas pessoas que querem aprender a mexer nas ferramentas para poder se comunicar com as pessoas, participar das reuni\u00f5es online e estabelecer uma presen\u00e7a nas redes sociais.<\/p>\n\n\n\n<p>Ministrado pela professora Fabiana Pincinato, o curso acontece, de maneira online, entre os dias 7 e 9 de junho, das 9h ao meio-dia. Entre o conte\u00fado program\u00e1tico, est\u00e3o: o que s\u00e3o os aplicativos do Google e suas fun\u00e7\u00f5es, como criar uma conta no Instagram e Facebook e explorar suas fun\u00e7\u00f5es e como utilizar a conta do WhatsApp de uma maneira mais segura.<\/p>\n\n\n\n<figure class=\"wp-block-image size-large\"><img loading=\"lazy\" decoding=\"async\" width=\"1200\" height=\"782\" src=\"https:\/\/tvtecjundiai.com.br\/news\/wp-content\/uploads\/sites\/2\/2019\/06\/informatica_idoso-3-1200x782.jpg\" alt=\"\" class=\"wp-image-32189\" srcset=\"https:\/\/tvtecjundiai.com.br\/news\/wp-content\/uploads\/sites\/2\/2019\/06\/informatica_idoso-3-1200x782.jpg 1200w, https:\/\/tvtecjundiai.com.br\/news\/wp-content\/uploads\/sites\/2\/2019\/06\/informatica_idoso-3-300x195.jpg 300w, https:\/\/tvtecjundiai.com.br\/news\/wp-content\/uploads\/sites\/2\/2019\/06\/informatica_idoso-3-768x500.jpg 768w, https:\/\/tvtecjundiai.com.br\/news\/wp-content\/uploads\/sites\/2\/2019\/06\/informatica_idoso-3.jpg 1280w\" sizes=\"auto, (max-width: 1200px) 100vw, 1200px\" \/><figcaption>Pessoas assistidas pela Assessoria Municipal do Idoso poder\u00e3o participar de curso para aprender a mexer nas redes sociais<\/figcaption><\/figure>\n\n\n\n<p>Fabiana, que \u00e9 formada em Publicidade e Propaganda, acredita que nunca \u00e9 tarde para aprender. \u201cPoder ensinar aos idosos \u00e9 uma felicidade muito grande para mim, pois vou mostrar a eles que a tecnologia est\u00e1 dispon\u00edvel para todos. Com paci\u00eancia e persist\u00eancia eles podem aprender sim\u201d, diz a professora. Fabiana lembra que estamos vivendo em um mundo online e \u201cnada melhor do que aprender a baixar aplicativos, usar as redes sociais para se conectar com as pessoas\u201d, diz.<\/p>\n\n\n\n<p>A superintendente da TVTEC, M\u00f4nica Gropelo, explica que \u201ca miss\u00e3o da TVTEC \u00e9 fazer parte da vida das pessoas, e as pessoas da terceira idade s\u00e3o nosso p\u00fablico tamb\u00e9m\u201d. \u201cNosso empenho para esse p\u00fablico, acima de 60 anos da terceira idade \u00e9 realmente poder estimular o uso dos recursos online, com no\u00e7\u00f5es b\u00e1sicas de aplicativos, mobilidade e o uso de ferramentas, de tablets, de celulares, de aprender um pouco desse mundo online\u201d.<\/p>\n\n\n\n<p>M\u00f4nica explica que o curso ser\u00e1 um piloto, para que a institui\u00e7\u00e3o possa atender e entender este p\u00fablico. \u201c\u00c9 uma iniciativa que foi abra\u00e7ada por todo mundo aqui da TVTEC\u201d.<\/p>\n\n\n\n<div class=\"wp-block-image\"><figure class=\"aligncenter size-large is-resized\"><img loading=\"lazy\" decoding=\"async\" src=\"https:\/\/tvtecjundiai.com.br\/news\/wp-content\/uploads\/sites\/2\/2021\/05\/WhatsApp-Image-2021-05-25-at-08.16.48-768x960.jpeg\" alt=\"\" class=\"wp-image-76415\" width=\"398\" height=\"497\" srcset=\"https:\/\/tvtecjundiai.com.br\/news\/wp-content\/uploads\/sites\/2\/2021\/05\/WhatsApp-Image-2021-05-25-at-08.16.48-768x960.jpeg 768w, https:\/\/tvtecjundiai.com.br\/news\/wp-content\/uploads\/sites\/2\/2021\/05\/WhatsApp-Image-2021-05-25-at-08.16.48-300x375.jpeg 300w, https:\/\/tvtecjundiai.com.br\/news\/wp-content\/uploads\/sites\/2\/2021\/05\/WhatsApp-Image-2021-05-25-at-08.16.48.jpeg 1024w\" sizes=\"auto, (max-width: 398px) 100vw, 398px\" \/><figcaption>Fabiana Pincinato ir\u00e1 ministrar o curso<\/figcaption><\/figure><\/div>\n\n\n\n<p><em>(Texto: TVTEC\/Imagem: TVTEC\/Arquivo Pessoal)<\/em><\/p>\n","protected":false},"excerpt":{"rendered":"<p>Curso ser\u00e1 ofertado aos atendidos pela Assessoria Municipal do Idoso<\/p>\n","protected":false},"author":28,"featured_media":32189,"comment_status":"closed","ping_status":"closed","sticky":false,"template":"","format":"standard","meta":{"footnotes":""},"categories":[8356,1],"tags":[],"class_list":["post-76414","post","type-post","status-publish","format-standard","has-post-thumbnail","hentry","category-jundiai","category-noticias"],"_links":{"self":[{"href":"https:\/\/tvtecjundiai.com.br\/news\/wp-json\/wp\/v2\/posts\/76414","targetHints":{"allow":["GET"]}}],"collection":[{"href":"https:\/\/tvtecjundiai.com.br\/news\/wp-json\/wp\/v2\/posts"}],"about":[{"href":"https:\/\/tvtecjundiai.com.br\/news\/wp-json\/wp\/v2\/types\/post"}],"author":[{"embeddable":true,"href":"https:\/\/tvtecjundiai.com.br\/news\/wp-json\/wp\/v2\/users\/28"}],"replies":[{"embeddable":true,"href":"https:\/\/tvtecjundiai.com.br\/news\/wp-json\/wp\/v2\/comments?post=76414"}],"version-history":[{"count":2,"href":"https:\/\/tvtecjundiai.com.br\/news\/wp-json\/wp\/v2\/posts\/76414\/revisions"}],"predecessor-version":[{"id":76449,"href":"https:\/\/tvtecjundiai.com.br\/news\/wp-json\/wp\/v2\/posts\/76414\/revisions\/76449"}],"wp:featuredmedia":[{"embeddable":true,"href":"https:\/\/tvtecjundiai.com.br\/news\/wp-json\/wp\/v2\/media\/32189"}],"wp:attachment":[{"href":"https:\/\/tvtecjundiai.com.br\/news\/wp-json\/wp\/v2\/media?parent=76414"}],"wp:term":[{"taxonomy":"category","embeddable":true,"href":"https:\/\/tvtecjundiai.com.br\/news\/wp-json\/wp\/v2\/categories?post=76414"},{"taxonomy":"post_tag","embeddable":true,"href":"https:\/\/tvtecjundiai.com.br\/news\/wp-json\/wp\/v2\/tags?post=76414"}],"curies":[{"name":"wp","href":"https:\/\/api.w.org\/{rel}","templated":true}]}}