{"id":76417,"date":"2021-05-25T17:36:05","date_gmt":"2021-05-25T20:36:05","guid":{"rendered":"https:\/\/tvtecjundiai.com.br\/news\/?p=76417"},"modified":"2021-05-25T17:36:05","modified_gmt":"2021-05-25T20:36:05","slug":"covid-19-pessoas-com-45-com-comorbidades-terao-nova-agenda-nesta-quarta-feira-26","status":"publish","type":"post","link":"https:\/\/tvtecjundiai.com.br\/news\/2021\/05\/25\/covid-19-pessoas-com-45-com-comorbidades-terao-nova-agenda-nesta-quarta-feira-26\/","title":{"rendered":"COVID-19: Pessoas com 45+ com comorbidades ter\u00e3o nova agenda nesta quarta-feira (26)"},"content":{"rendered":"\n<p>Nesta quarta-feira (26), \u00e0s 16h, a Prefeitura de Jundia\u00ed abrir\u00e1 nova agenda para vacina\u00e7\u00e3o de pessoas com 45 anos ou mais e que tenham comorbidades elencadas pelo Plano Nacional de Imuniza\u00e7\u00e3o (PNI). O agendamento ser\u00e1 feito pelos canais digitais da Prefeitura de Jundia\u00ed (<a href=\"https:\/\/vacina.jundiai.sp.gov.br\/agendamento\/?rand=574112647063\">site<\/a>&nbsp;e APP Jundia\u00ed). A aplica\u00e7\u00e3o ser\u00e1 realizada entre sexta-feira (28) e s\u00e1bado (29), em postos fixos determinados pela Unidade de Gest\u00e3o de Promo\u00e7\u00e3o da Sa\u00fade (UGPS), para facilitar o acesso dos usu\u00e1rios.<\/p>\n\n\n\n<p>De acordo com a enfermeira coordenadora da Vigil\u00e2ncia Epidemiol\u00f3gica (VE) Maria do Carmo Possidente, a agenda complementa a abertura realizada anteriormente. \u201cAs pessoas que tenham 45 anos ou mais e que possuam alguma comorbidade elencada para a recep\u00e7\u00e3o da vacina devem realizar o agendamento e no dia da aplica\u00e7\u00e3o, apresentar a documenta\u00e7\u00e3o necess\u00e1ria comprovando a patologia, al\u00e9m de comprovante de resid\u00eancia em Jundia\u00ed e os documentos pessoais\u201d, comenta.<\/p>\n\n\n\n<p>\u00c9 essencial que os usu\u00e1rios, al\u00e9m do agendamento nos canais da Prefeitura, fa\u00e7am o registro dos dados pelo site do Governo do Estado,<a href=\"https:\/\/vacinaja.sp.gov.br\/\">\u00a0VacinaJ\u00e1<\/a>.<\/p>\n\n\n\n<figure class=\"wp-block-image size-large\"><img loading=\"lazy\" decoding=\"async\" width=\"1200\" height=\"800\" src=\"https:\/\/tvtecjundiai.com.br\/news\/wp-content\/uploads\/sites\/2\/2021\/05\/vacinacao_45_comorbidades_paroquia_santo_antonio-42-1200x800.jpg\" alt=\"\" class=\"wp-image-76418\" srcset=\"https:\/\/tvtecjundiai.com.br\/news\/wp-content\/uploads\/sites\/2\/2021\/05\/vacinacao_45_comorbidades_paroquia_santo_antonio-42-1200x800.jpg 1200w, https:\/\/tvtecjundiai.com.br\/news\/wp-content\/uploads\/sites\/2\/2021\/05\/vacinacao_45_comorbidades_paroquia_santo_antonio-42-300x200.jpg 300w, https:\/\/tvtecjundiai.com.br\/news\/wp-content\/uploads\/sites\/2\/2021\/05\/vacinacao_45_comorbidades_paroquia_santo_antonio-42-768x512.jpg 768w, https:\/\/tvtecjundiai.com.br\/news\/wp-content\/uploads\/sites\/2\/2021\/05\/vacinacao_45_comorbidades_paroquia_santo_antonio-42.jpg 1280w\" sizes=\"auto, (max-width: 1200px) 100vw, 1200px\" \/><figcaption>Dulcineia Ravalha recebeu a aplica\u00e7\u00e3o da primeira dose de vacina contra a COVID-19<\/figcaption><\/figure>\n\n\n\n<p><strong>Aplica\u00e7\u00e3o<\/strong><br>Os primeiros agendamentos para o grupo 45+ com comorbidades tiveram a aplica\u00e7\u00e3o realizada hoje, ter\u00e7a-feira (25), na Par\u00f3quia Santo Antonio, no Anhangaba\u00fa. Dulcineia Ravalha elogiou o atendimento recebido. \u201cEstou super satisfeita com tudo. O atendimento foi \u00f3timo. N\u00e3o doeu nada\u201d, comemora a mulher.<\/p>\n\n\n\n<p>O calend\u00e1rio de aplica\u00e7\u00e3o pode ser consultado no\u00a0<a href=\"https:\/\/jundiai.sp.gov.br\/coronavirus\/\">portal da Prefeitura de Jundia\u00ed<\/a>, assim como a listagem das comorbidades aprovadas para a recep\u00e7\u00e3o da dose nessa fase da vacina\u00e7\u00e3o.<\/p>\n\n\n\n<p><em>(Texto\/Imagem: Prefeitura de Jundia\u00ed)<\/em><\/p>\n","protected":false},"excerpt":{"rendered":"<p>Agendamento acontece a partir das 16h pelos canais digitais da Prefeitura de Jundia\u00ed<\/p>\n","protected":false},"author":28,"featured_media":76418,"comment_status":"closed","ping_status":"closed","sticky":false,"template":"","format":"standard","meta":{"footnotes":""},"categories":[8356,1],"tags":[],"class_list":["post-76417","post","type-post","status-publish","format-standard","has-post-thumbnail","hentry","category-jundiai","category-noticias"],"_links":{"self":[{"href":"https:\/\/tvtecjundiai.com.br\/news\/wp-json\/wp\/v2\/posts\/76417","targetHints":{"allow":["GET"]}}],"collection":[{"href":"https:\/\/tvtecjundiai.com.br\/news\/wp-json\/wp\/v2\/posts"}],"about":[{"href":"https:\/\/tvtecjundiai.com.br\/news\/wp-json\/wp\/v2\/types\/post"}],"author":[{"embeddable":true,"href":"https:\/\/tvtecjundiai.com.br\/news\/wp-json\/wp\/v2\/users\/28"}],"replies":[{"embeddable":true,"href":"https:\/\/tvtecjundiai.com.br\/news\/wp-json\/wp\/v2\/comments?post=76417"}],"version-history":[{"count":1,"href":"https:\/\/tvtecjundiai.com.br\/news\/wp-json\/wp\/v2\/posts\/76417\/revisions"}],"predecessor-version":[{"id":76419,"href":"https:\/\/tvtecjundiai.com.br\/news\/wp-json\/wp\/v2\/posts\/76417\/revisions\/76419"}],"wp:featuredmedia":[{"embeddable":true,"href":"https:\/\/tvtecjundiai.com.br\/news\/wp-json\/wp\/v2\/media\/76418"}],"wp:attachment":[{"href":"https:\/\/tvtecjundiai.com.br\/news\/wp-json\/wp\/v2\/media?parent=76417"}],"wp:term":[{"taxonomy":"category","embeddable":true,"href":"https:\/\/tvtecjundiai.com.br\/news\/wp-json\/wp\/v2\/categories?post=76417"},{"taxonomy":"post_tag","embeddable":true,"href":"https:\/\/tvtecjundiai.com.br\/news\/wp-json\/wp\/v2\/tags?post=76417"}],"curies":[{"name":"wp","href":"https:\/\/api.w.org\/{rel}","templated":true}]}}