{"id":76423,"date":"2021-05-25T18:00:20","date_gmt":"2021-05-25T21:00:20","guid":{"rendered":"https:\/\/tvtecjundiai.com.br\/news\/?p=76423"},"modified":"2021-05-25T18:00:20","modified_gmt":"2021-05-25T21:00:20","slug":"2a-festa-literaria-de-jundiai-comeca-nesta-terca-25-com-programacao-online-gratuita","status":"publish","type":"post","link":"https:\/\/tvtecjundiai.com.br\/news\/2021\/05\/25\/2a-festa-literaria-de-jundiai-comeca-nesta-terca-25-com-programacao-online-gratuita\/","title":{"rendered":"2\u00aa Festa Liter\u00e1ria de Jundia\u00ed come\u00e7a nesta ter\u00e7a (25) com programa\u00e7\u00e3o online gratuita"},"content":{"rendered":"\n<p>Em sua 2\u00aa edi\u00e7\u00e3o, a Festa Liter\u00e1ria de Jundia\u00ed (FLIJ) come\u00e7a na noite desta ter\u00e7a-feira (25), com a mesa de entrevista com os jornalistas Renata Ceribelli e Bruno Della Latta, a partir das 19h30. A programa\u00e7\u00e3o da FLIJ segue at\u00e9 o domingo (30) e tem ainda mesas de entrevistas com autores referenciais, oficinas liter\u00e1rias virtuais e espa\u00e7os de divulga\u00e7\u00e3o de autores jundiaienses.<\/p>\n\n\n\n<p>Toda a programa\u00e7\u00e3o gratuita contar\u00e1 com transmiss\u00e3o ao vivo pelos canais da Unidade de Gest\u00e3o de Cultura (UGC) no Facebook e YouTube, com tradu\u00e7\u00e3o simult\u00e2nea em L\u00edngua Brasileira de Sinais (Libras).<\/p>\n\n\n\n<p>A Festa \u00e9 uma iniciativa da UGC com o apoio da TVTEM e parceria com o Conselho Municipal de Pol\u00edtica Cultural de Jundia\u00ed (CMPC).<\/p>\n\n\n\n<figure class=\"wp-block-image size-large\"><img loading=\"lazy\" decoding=\"async\" width=\"1200\" height=\"800\" src=\"https:\/\/tvtecjundiai.com.br\/news\/wp-content\/uploads\/sites\/2\/2021\/05\/flij_leitura-10-1200x800.jpg\" alt=\"\" class=\"wp-image-76424\" srcset=\"https:\/\/tvtecjundiai.com.br\/news\/wp-content\/uploads\/sites\/2\/2021\/05\/flij_leitura-10-1200x800.jpg 1200w, https:\/\/tvtecjundiai.com.br\/news\/wp-content\/uploads\/sites\/2\/2021\/05\/flij_leitura-10-300x200.jpg 300w, https:\/\/tvtecjundiai.com.br\/news\/wp-content\/uploads\/sites\/2\/2021\/05\/flij_leitura-10-768x512.jpg 768w, https:\/\/tvtecjundiai.com.br\/news\/wp-content\/uploads\/sites\/2\/2021\/05\/flij_leitura-10.jpg 1280w\" sizes=\"auto, (max-width: 1200px) 100vw, 1200px\" \/><figcaption>Programa\u00e7\u00e3o virtual contar\u00e1 com entrevistas com autores referenciais, oficinas liter\u00e1rias virtuais e espa\u00e7os de divulga\u00e7\u00e3o de autores jundiaienses<\/figcaption><\/figure>\n\n\n\n<p>Est\u00e3o previstas ainda outras dez mesas com diversos autores referenciais, e a media\u00e7\u00e3o das comunicadoras \u00darsula Passos, Caroline Ferreira ou J\u00e9ssica Balbino. As mesas trar\u00e3o como convidados: o escritor e ge\u00f3grafo Itamar Vieira J\u00fanior; os BookTubers Cacau Braga, Carime Pinhatti, Victor Almeida e Mell Ferraz; os autores jundiaienses Mara L\u00edgia Biancardi, Guilherme Rueda, Davi Sim\u00e3o Junior, Hildon Vital de Melo e Priscila Modanesi; o pensador, pedagogo e desenhista, o italiano Francesco Tonucci; Ilan Brenman; a comunicadora e ativista Lia Crespo; o jornalista Thiego Novais; e a escritora e jornalista Thalita Rebou\u00e7as.<\/p>\n\n\n\n<p>Ser\u00e3o realizadas ainda as seguintes oficinas liter\u00e1rias virtuais: oficina de Media\u00e7\u00e3o de Clubes de Leitura, com Janine Durand, na quarta (26), \u00e0s 15h30; oficina de Escrita Criativa, com Veronica Stigger, na quinta (27), \u00e0s 15h30; a oficina de Editora\u00e7\u00e3o: Como publicar o seu livro?, com Jo\u00e3o Varella, na sexta (28), \u00e0s 15h30; e a oficina de Cen\u00e1rios Invis\u00edveis, com Jo\u00e3o Correia Filho, no s\u00e1bado (29), a partir das 17h. Apesar de contar com inscri\u00e7\u00f5es pr\u00e9vias limitadas, todas as oficinas ser\u00e3o transmitidas ao vivo.<\/p>\n\n\n\n<p>Os autores jundiaienses contar\u00e3o ainda com um espa\u00e7o de divulga\u00e7\u00e3o, com a indica\u00e7\u00e3o de contato para a oferta e venda de suas obras.<\/p>\n\n\n\n<p><em>(Texto\/Imagem: Prefeitura de Jundia\u00ed)<\/em><\/p>\n","protected":false},"excerpt":{"rendered":"<p>A programa\u00e7\u00e3o da FLIJ segue at\u00e9 o domingo (30) e tem ainda mesas de entrevistas com autores referenciais<\/p>\n","protected":false},"author":28,"featured_media":76424,"comment_status":"closed","ping_status":"closed","sticky":false,"template":"","format":"standard","meta":{"footnotes":""},"categories":[8356,1],"tags":[],"class_list":["post-76423","post","type-post","status-publish","format-standard","has-post-thumbnail","hentry","category-jundiai","category-noticias"],"_links":{"self":[{"href":"https:\/\/tvtecjundiai.com.br\/news\/wp-json\/wp\/v2\/posts\/76423","targetHints":{"allow":["GET"]}}],"collection":[{"href":"https:\/\/tvtecjundiai.com.br\/news\/wp-json\/wp\/v2\/posts"}],"about":[{"href":"https:\/\/tvtecjundiai.com.br\/news\/wp-json\/wp\/v2\/types\/post"}],"author":[{"embeddable":true,"href":"https:\/\/tvtecjundiai.com.br\/news\/wp-json\/wp\/v2\/users\/28"}],"replies":[{"embeddable":true,"href":"https:\/\/tvtecjundiai.com.br\/news\/wp-json\/wp\/v2\/comments?post=76423"}],"version-history":[{"count":1,"href":"https:\/\/tvtecjundiai.com.br\/news\/wp-json\/wp\/v2\/posts\/76423\/revisions"}],"predecessor-version":[{"id":76425,"href":"https:\/\/tvtecjundiai.com.br\/news\/wp-json\/wp\/v2\/posts\/76423\/revisions\/76425"}],"wp:featuredmedia":[{"embeddable":true,"href":"https:\/\/tvtecjundiai.com.br\/news\/wp-json\/wp\/v2\/media\/76424"}],"wp:attachment":[{"href":"https:\/\/tvtecjundiai.com.br\/news\/wp-json\/wp\/v2\/media?parent=76423"}],"wp:term":[{"taxonomy":"category","embeddable":true,"href":"https:\/\/tvtecjundiai.com.br\/news\/wp-json\/wp\/v2\/categories?post=76423"},{"taxonomy":"post_tag","embeddable":true,"href":"https:\/\/tvtecjundiai.com.br\/news\/wp-json\/wp\/v2\/tags?post=76423"}],"curies":[{"name":"wp","href":"https:\/\/api.w.org\/{rel}","templated":true}]}}