{"id":76430,"date":"2021-05-26T09:00:00","date_gmt":"2021-05-26T12:00:00","guid":{"rendered":"https:\/\/tvtecjundiai.com.br\/news\/?p=76430"},"modified":"2021-05-25T18:42:58","modified_gmt":"2021-05-25T21:42:58","slug":"operacao-estiagem-defesa-civil-faz-alerta-para-cuidados-com-a-saude","status":"publish","type":"post","link":"https:\/\/tvtecjundiai.com.br\/news\/2021\/05\/26\/operacao-estiagem-defesa-civil-faz-alerta-para-cuidados-com-a-saude\/","title":{"rendered":"Opera\u00e7\u00e3o Estiagem: Defesa Civil faz alerta para cuidados com a sa\u00fade"},"content":{"rendered":"\n<p>Al\u00e9m da divulga\u00e7\u00e3o dos Boletins Meteorol\u00f3gicos detalhados, com as informa\u00e7\u00f5es sobre temperatura, umidade e vento no Munic\u00edpio, a Defesa Civil divulga tamb\u00e9m comunicados especiais como alertas para que a popula\u00e7\u00e3o tome os cuidados necess\u00e1rios com a sa\u00fade e com o meio ambiente. Essa divulga\u00e7\u00e3o \u00e9 mais uma defini\u00e7\u00e3o do Plano Municipal de Conting\u00eancia de Estiagem, institu\u00eddo pelo decreto municipal n\u00ba 29.635\/2021 e que tem vig\u00eancia at\u00e9 30 de setembro.<\/p>\n\n\n\n<p>Na tarde desta ter\u00e7a-feira (25), Jundia\u00ed entrou em n\u00edvel de Aten\u00e7\u00e3o, por conta da baixa Umidade Relativa do Ar (URA), sob os 30%. Com a queda da temperatura no final da tarde, as condi\u00e7\u00f5es da URA melhoraram e o Munic\u00edpio saiu daquele n\u00edvel, voltando para Observa\u00e7\u00e3o, mas este deve ser o comportamento nos pr\u00f3ximos dias.<\/p>\n\n\n\n<p>O coordenador da Defesa Civil, o coronel Jo\u00e3o Os\u00f3rio Gimenez Germano, faz um apelo \u00e0 preserva\u00e7\u00e3o da sa\u00fade. \u201cO principal alerta \u00e9 para que fiquemos atentos \u00e0s crian\u00e7as e idosos, que s\u00e3o geralmente os que levam mais tempo para se aperceber das condi\u00e7\u00f5es clim\u00e1ticas. Irrita\u00e7\u00f5es nos olhos e coceiras no nariz s\u00e3o os principais sinais, e exigem cuidado e cautela\u201d.<\/p>\n\n\n\n<figure class=\"wp-block-image size-large\"><img loading=\"lazy\" decoding=\"async\" width=\"1200\" height=\"801\" src=\"https:\/\/tvtecjundiai.com.br\/news\/wp-content\/uploads\/sites\/2\/2021\/05\/vista_jundiai-5-1200x801.jpg\" alt=\"\" class=\"wp-image-76431\" srcset=\"https:\/\/tvtecjundiai.com.br\/news\/wp-content\/uploads\/sites\/2\/2021\/05\/vista_jundiai-5-1200x801.jpg 1200w, https:\/\/tvtecjundiai.com.br\/news\/wp-content\/uploads\/sites\/2\/2021\/05\/vista_jundiai-5-300x200.jpg 300w, https:\/\/tvtecjundiai.com.br\/news\/wp-content\/uploads\/sites\/2\/2021\/05\/vista_jundiai-5-768x512.jpg 768w, https:\/\/tvtecjundiai.com.br\/news\/wp-content\/uploads\/sites\/2\/2021\/05\/vista_jundiai-5.jpg 1280w\" sizes=\"auto, (max-width: 1200px) 100vw, 1200px\" \/><figcaption>Al\u00e9m dos Boletins Meteorol\u00f3gicos, a Defesa Civil divulga tamb\u00e9m comunicados especiais como alertas e cuidados com a sa\u00fade e meio ambiente<\/figcaption><\/figure>\n\n\n\n<p>Entre os efeitos da baixa URA para a sa\u00fade est\u00e3o tamb\u00e9m complica\u00e7\u00f5es al\u00e9rgicas e respirat\u00f3rias e dor de cabe\u00e7a, e para o meio ambiente condi\u00e7\u00f5es para eletricidade est\u00e1tica (excesso de cargas el\u00e9tricas) em pessoas e equipamentos eletr\u00f4nicos, e aumento do potencial de inc\u00eandios em pastagens e florestas.<\/p>\n\n\n\n<p>Nessas condi\u00e7\u00f5es, devem ser evitados exerc\u00edcios f\u00edsicos nos hor\u00e1rios de maior insola\u00e7\u00e3o (das 11h \u00e0s 16h), aglomera\u00e7\u00f5es, perman\u00eancias em locais fechados e queimadas em geral. S\u00e3o recomendados ainda: umidificar ambientes, prote\u00e7\u00e3o do sol, consumir \u00e1gua, manter as m\u00e3os lavadas e longe do nariz e olhos, aplicar soro fisiol\u00f3gico no nariz e olhos, manter a casa limpa e arejada.<\/p>\n\n\n\n<p>Sob a coordena\u00e7\u00e3o da Defesa Civil do Munic\u00edpio, o Plano Municipal \u00e9 constitu\u00eddo para apoiar, quando necess\u00e1rio, as a\u00e7\u00f5es do Corpo de Bombeiros e da Divis\u00e3o Florestal da Guarda Municipal. Fazem parte do Plano diversas Unidades de Gest\u00e3o da Prefeitura, al\u00e9m de \u00f3rg\u00e3os externos, como a DAE, a Funda\u00e7\u00e3o Ant\u00f4nio Antonieta Cintra Gordinho, a Mata Ciliar, o Aeroporto Estadual Comandante Rolim Adolfo Amaro e a Rede Integrada de Emerg\u00eancia (RINEM), de que fazem parte as brigadas de emerg\u00eancia de empresas da cidade.<\/p>\n\n\n\n<p><em>(Texto\/Imagem: Prefeitura de Jundia\u00ed)<\/em><\/p>\n","protected":false},"excerpt":{"rendered":"<p>Na tarde desta ter\u00e7a-feira (25), Jundia\u00ed entrou em n\u00edvel de Aten\u00e7\u00e3o, por conta da baixa Umidade Relativa do Ar (URA)<\/p>\n","protected":false},"author":28,"featured_media":76431,"comment_status":"closed","ping_status":"closed","sticky":false,"template":"","format":"standard","meta":{"footnotes":""},"categories":[8356,1],"tags":[],"class_list":["post-76430","post","type-post","status-publish","format-standard","has-post-thumbnail","hentry","category-jundiai","category-noticias"],"_links":{"self":[{"href":"https:\/\/tvtecjundiai.com.br\/news\/wp-json\/wp\/v2\/posts\/76430","targetHints":{"allow":["GET"]}}],"collection":[{"href":"https:\/\/tvtecjundiai.com.br\/news\/wp-json\/wp\/v2\/posts"}],"about":[{"href":"https:\/\/tvtecjundiai.com.br\/news\/wp-json\/wp\/v2\/types\/post"}],"author":[{"embeddable":true,"href":"https:\/\/tvtecjundiai.com.br\/news\/wp-json\/wp\/v2\/users\/28"}],"replies":[{"embeddable":true,"href":"https:\/\/tvtecjundiai.com.br\/news\/wp-json\/wp\/v2\/comments?post=76430"}],"version-history":[{"count":1,"href":"https:\/\/tvtecjundiai.com.br\/news\/wp-json\/wp\/v2\/posts\/76430\/revisions"}],"predecessor-version":[{"id":76432,"href":"https:\/\/tvtecjundiai.com.br\/news\/wp-json\/wp\/v2\/posts\/76430\/revisions\/76432"}],"wp:featuredmedia":[{"embeddable":true,"href":"https:\/\/tvtecjundiai.com.br\/news\/wp-json\/wp\/v2\/media\/76431"}],"wp:attachment":[{"href":"https:\/\/tvtecjundiai.com.br\/news\/wp-json\/wp\/v2\/media?parent=76430"}],"wp:term":[{"taxonomy":"category","embeddable":true,"href":"https:\/\/tvtecjundiai.com.br\/news\/wp-json\/wp\/v2\/categories?post=76430"},{"taxonomy":"post_tag","embeddable":true,"href":"https:\/\/tvtecjundiai.com.br\/news\/wp-json\/wp\/v2\/tags?post=76430"}],"curies":[{"name":"wp","href":"https:\/\/api.w.org\/{rel}","templated":true}]}}