{"id":76446,"date":"2021-05-26T13:26:51","date_gmt":"2021-05-26T16:26:51","guid":{"rendered":"https:\/\/tvtecjundiai.com.br\/news\/?p=76446"},"modified":"2021-05-26T13:26:51","modified_gmt":"2021-05-26T16:26:51","slug":"governo-de-sp-recua-e-desiste-de-liberar-funcionamento-do-comercio-ate-22h","status":"publish","type":"post","link":"https:\/\/tvtecjundiai.com.br\/news\/2021\/05\/26\/governo-de-sp-recua-e-desiste-de-liberar-funcionamento-do-comercio-ate-22h\/","title":{"rendered":"Governo de SP recua e desiste de liberar funcionamento do com\u00e9rcio at\u00e9 22h"},"content":{"rendered":"\n<p>O governo de S\u00e3o Paulo recuou e desistiu de liberar o funcionamento do com\u00e9rcio at\u00e9 as 22h a partir de 1\u00b0 de junho, como tinha sido anunciado pela gest\u00e3o de Jo\u00e3o Doria (PSDB) na semana passada.<\/p>\n\n\n\n<p>Com a mudan\u00e7a, o estado permanecer\u00e1 na atual fase de flexibiliza\u00e7\u00e3o, que autoriza lojas, shoppings, academias, sal\u00f5es de beleza e restaurantes a operar at\u00e9 21h.<\/p>\n\n\n\n<p>A medida permanecer\u00e1 em vigor at\u00e9 o dia 14 de junho, e ocorre ap\u00f3s o estado registrar aumento no n\u00famero de interna\u00e7\u00f5es, que voltou a ficar acima dos 80%, e casos do coronav\u00edrus.<\/p>\n\n\n\n<p>Em coletiva de imprensa na tarde desta quarta (26), o governador Jo\u00e3o Doria defendeu que o momento atual \u00e9 de &#8220;cautela&#8221;.<\/p>\n\n\n\n<div class=\"wp-block-image\"><figure class=\"aligncenter size-large\"><img loading=\"lazy\" decoding=\"async\" width=\"600\" height=\"400\" src=\"https:\/\/tvtecjundiai.com.br\/news\/wp-content\/uploads\/sites\/2\/2021\/05\/Comercio-no-centro-de-Jundiai-2021-1.jpeg\" alt=\"\" class=\"wp-image-76447\" srcset=\"https:\/\/tvtecjundiai.com.br\/news\/wp-content\/uploads\/sites\/2\/2021\/05\/Comercio-no-centro-de-Jundiai-2021-1.jpeg 600w, https:\/\/tvtecjundiai.com.br\/news\/wp-content\/uploads\/sites\/2\/2021\/05\/Comercio-no-centro-de-Jundiai-2021-1-300x200.jpeg 300w\" sizes=\"auto, (max-width: 600px) 100vw, 600px\" \/><\/figure><\/div>\n\n\n\n<p>&#8220;Os indicadores da pandemia recomendam cautela neste momento e \u00e9 cautela que n\u00f3s estamos adotando&#8221;, afirmou Doria.<\/p>\n\n\n\n<p>Segundo o diretor do Centro de Conting\u00eancia do Coronav\u00edrus, Paulo Menezes, a eleva\u00e7\u00e3o dos casos da doen\u00e7a fez o comit\u00ea revisar a recomenda\u00e7\u00e3o e orientar o estado a n\u00e3o avan\u00e7ar nas flexibiliza\u00e7\u00f5es.<\/p>\n\n\n\n<p>&#8220;Tivemos essa avalia\u00e7\u00e3o de que n\u00e3o seria ainda o momento de avan\u00e7ar como havia sido pensado na semana passada. [\u2026] Houve um aumento na incid\u00eancia de casos, est\u00e1vamos com 370 casos por 100 mil a cada 14 dias, hoje temos 418 casos por 100 mil, um aumento de 10% nessa incid\u00eancia. Um aumento no n\u00famero de interna\u00e7\u00f5es \u00e9 mais discreto, felizmente&#8221;, defendeu Menezes.<\/p>\n\n\n\n<p>Na manh\u00e3 desta ter\u00e7a (26), tamb\u00e9m foi confirmado pelo governo paulista um caso da variante indiana da doen\u00e7a, chamada de B.1.617, em um passageiro que desembarcou no Aeroporto de Guarulhos no dia 22 de maio.<\/p>\n\n\n\n<p>Desde segunda-feira (24), o com\u00e9rcio foi autorizado a elevar a capacidade m\u00e1xima de 30% para 40%. Na pr\u00e1tica, por\u00e9m, n\u00e3o h\u00e1 lei, multa ou fiscaliza\u00e7\u00e3o para verificar esse percentual.<\/p>\n\n\n\n<p><em>(Texto: G1\/Imagem: TVTEC)<\/em><\/p>\n","protected":false},"excerpt":{"rendered":"<p>Com a mudan\u00e7a, o estado permanecer\u00e1 na atual fase de flexibiliza\u00e7\u00e3o at\u00e9 21h<\/p>\n","protected":false},"author":28,"featured_media":76447,"comment_status":"closed","ping_status":"closed","sticky":false,"template":"","format":"standard","meta":{"footnotes":""},"categories":[8356,1],"tags":[],"class_list":["post-76446","post","type-post","status-publish","format-standard","has-post-thumbnail","hentry","category-jundiai","category-noticias"],"_links":{"self":[{"href":"https:\/\/tvtecjundiai.com.br\/news\/wp-json\/wp\/v2\/posts\/76446","targetHints":{"allow":["GET"]}}],"collection":[{"href":"https:\/\/tvtecjundiai.com.br\/news\/wp-json\/wp\/v2\/posts"}],"about":[{"href":"https:\/\/tvtecjundiai.com.br\/news\/wp-json\/wp\/v2\/types\/post"}],"author":[{"embeddable":true,"href":"https:\/\/tvtecjundiai.com.br\/news\/wp-json\/wp\/v2\/users\/28"}],"replies":[{"embeddable":true,"href":"https:\/\/tvtecjundiai.com.br\/news\/wp-json\/wp\/v2\/comments?post=76446"}],"version-history":[{"count":1,"href":"https:\/\/tvtecjundiai.com.br\/news\/wp-json\/wp\/v2\/posts\/76446\/revisions"}],"predecessor-version":[{"id":76448,"href":"https:\/\/tvtecjundiai.com.br\/news\/wp-json\/wp\/v2\/posts\/76446\/revisions\/76448"}],"wp:featuredmedia":[{"embeddable":true,"href":"https:\/\/tvtecjundiai.com.br\/news\/wp-json\/wp\/v2\/media\/76447"}],"wp:attachment":[{"href":"https:\/\/tvtecjundiai.com.br\/news\/wp-json\/wp\/v2\/media?parent=76446"}],"wp:term":[{"taxonomy":"category","embeddable":true,"href":"https:\/\/tvtecjundiai.com.br\/news\/wp-json\/wp\/v2\/categories?post=76446"},{"taxonomy":"post_tag","embeddable":true,"href":"https:\/\/tvtecjundiai.com.br\/news\/wp-json\/wp\/v2\/tags?post=76446"}],"curies":[{"name":"wp","href":"https:\/\/api.w.org\/{rel}","templated":true}]}}