{"id":76458,"date":"2021-05-26T13:54:21","date_gmt":"2021-05-26T16:54:21","guid":{"rendered":"https:\/\/tvtecjundiai.com.br\/news\/?p=76458"},"modified":"2021-05-26T13:54:21","modified_gmt":"2021-05-26T16:54:21","slug":"chuva-de-bolinhas-e-tour-pelo-mundo-das-criancas-movimentam-o-dia-do-desafio-em-jundiai","status":"publish","type":"post","link":"https:\/\/tvtecjundiai.com.br\/news\/2021\/05\/26\/chuva-de-bolinhas-e-tour-pelo-mundo-das-criancas-movimentam-o-dia-do-desafio-em-jundiai\/","title":{"rendered":"\u2018Chuva de bolinhas\u2019 e tour pelo Mundo das Crian\u00e7as movimentam o Dia do Desafio em Jundia\u00ed"},"content":{"rendered":"\n<p>Atividades de forma virtual, caminhada, corrida, alongamento, tour pelo Mundo das Crian\u00e7as, crossfit e at\u00e9 chuva de bolinhas. A\u00a027\u00aa edi\u00e7\u00e3o do Dia do Desafio que est\u00e1 sendo realizada pela Prefeitura de Jundia\u00ed nesta quarta-feira (26), conta com programa\u00e7\u00e3o ampla.<\/p>\n\n\n\n<p>Em 2021, o evento prop\u00f4s o conceito \u201cAtividade f\u00edsica: Bom para mim! Bom para todos! \u201d, destacando a import\u00e2ncia da pr\u00e1tica regular de atividades f\u00edsicas, fundamentalmente, como um h\u00e1bito de vida determinante para a sa\u00fade e para a harmonia na conviv\u00eancia social.&nbsp;Mesmo com a pandemia, a Prefeitura desenvolveu atividades seguindo todos os protocolos sanit\u00e1rios, com uso de m\u00e1scara, \u00e1lcool gel e distanciamento social.<\/p>\n\n\n\n<p>\u201cO grande objetivo do Dia do Desafio \u00e9 levar a pessoa a reflex\u00e3o da import\u00e2ncia da atividade f\u00edsica para sua vida\u201d, explica o gestor da Unidade de Gest\u00e3o de Esporte e Lazer (UGEL), Luiz Claudio Tarallo.<\/p>\n\n\n\n<p>No Pa\u00e7o, teve caminhada, apresenta\u00e7\u00e3o de freestyle, al\u00e9m de uma atividade f\u00edsica junto com o Corpo de Bombeiros. O grande momento foi a \u00faltima atividade com a execu\u00e7\u00e3o de alguns movimentos coordenativos com bolas e os servidores desafiados a arremessar as \u201cbolinhas\u201d em alvo no t\u00e9rreo.<\/p>\n\n\n\n<figure class=\"wp-block-image size-large\"><img loading=\"lazy\" decoding=\"async\" width=\"1200\" height=\"800\" src=\"https:\/\/tvtecjundiai.com.br\/news\/wp-content\/uploads\/sites\/2\/2021\/05\/dia-do-desafio-paco-municipal_c_-6-1200x800.jpg\" alt=\"\" class=\"wp-image-76459\" srcset=\"https:\/\/tvtecjundiai.com.br\/news\/wp-content\/uploads\/sites\/2\/2021\/05\/dia-do-desafio-paco-municipal_c_-6-1200x800.jpg 1200w, https:\/\/tvtecjundiai.com.br\/news\/wp-content\/uploads\/sites\/2\/2021\/05\/dia-do-desafio-paco-municipal_c_-6-300x200.jpg 300w, https:\/\/tvtecjundiai.com.br\/news\/wp-content\/uploads\/sites\/2\/2021\/05\/dia-do-desafio-paco-municipal_c_-6-768x512.jpg 768w, https:\/\/tvtecjundiai.com.br\/news\/wp-content\/uploads\/sites\/2\/2021\/05\/dia-do-desafio-paco-municipal_c_-6.jpg 1280w\" sizes=\"auto, (max-width: 1200px) 100vw, 1200px\" \/><figcaption>Atividade \u2018chuva de bolinhas\u2019 foi realizado no Pa\u00e7o Municipal<\/figcaption><\/figure>\n\n\n\n<p>\u201cNo Pa\u00e7o, realizamos uma atividade l\u00fadica, recreativa &nbsp;com integra\u00e7\u00e3o de todas as plataformas para levar alegria a todos neste momento\u201d, completa Tarallo.<\/p>\n\n\n\n<p>Para o estagi\u00e1rio Pedro Eli Rosa Soares dos Santos, da Unidade de Gest\u00e3o do Desenvolvimento Econ\u00f4mico, Ci\u00eancia e Tecnologia (UGDECT), a atividade foi positiva. \u201cFoi uma ideia legal e criativa para o momento que estamos vivendo. Eles adaptaram para nossa realidade e todo mundo participou. Foi bem bacana\u201d, explicou.<\/p>\n\n\n\n<p><strong>Mundo da Crian\u00e7a<br><\/strong>De manh\u00e3, alunos de algumas escolinhas da UGEL puderam fazer um tour pelo Mundo das Crian\u00e7as, guiados por um educador. Os alunos da gin\u00e1stica art\u00edstica se divertiram em desbravar o espa\u00e7o e a atividade contou com a presen\u00e7a dos pais. A iniciativa ser\u00e1 replicada no per\u00edodo da tarde.<\/p>\n\n\n\n<p>A dona de casa, Maria Rosa nunca tinha ido ao Mundo das Crian\u00e7as e foi acompanhar a filha Luana, de 8 anos. \u201c\u00c9 uma coisa maravilhosa, muito legal. Todos est\u00e3o de parab\u00e9ns em promover a atividade do Dia do Desafio aqui com distanciamento e podendo tirar minha filha das atividades virtuais\u201d, explicou.<\/p>\n\n\n\n<p>O supervisor Tiago Velucci foi acompanhar a filha Laura, de seis anos e tamb\u00e9m participou da atividade. \u201cEla estava ansiosa em reencontrar as amigas. Achei bem seguro e legal a atividade, com os professores seguindo os protocolos\u201d, afirmou.<\/p>\n\n\n\n<p>O educador esportivo Marco Ant\u00f4nio Fernandes, o Pirica, destacou a aplica\u00e7\u00e3o do conceito de \u201cdesemparedamento\u201d aplicado na rede municipal de Educa\u00e7\u00e3o de Jundia\u00ed, ou seja, o de levar as crian\u00e7as aos espa\u00e7os abertos e pr\u00f3ximos \u00e0 natureza em tempos de pandemia no Dia do Desafio.<\/p>\n\n\n\n<p>\u201cA integra\u00e7\u00e3o entre a brincadeira, o aprendizado e o contato com a natureza \u00e9 muito importante. Estamos em um momento complicado, quase um ano e meio dando aulas virtuais e hoje, seguindo os protocolos, conseguimos trazer um grupo desenvolver uma atividade a c\u00e9u aberto.\u201d<\/p>\n\n\n\n<p>At\u00e9 o final do dia, as pessoas poder\u00e3o registrar a pr\u00e1tica de atividades no link dispon\u00edvel no site da Prefeitura de Jundia\u00ed.<\/p>\n\n\n\n<p><em>(Texto\/Imagem: Prefeitura de Jundia\u00ed)<\/em><\/p>\n","protected":false},"excerpt":{"rendered":"<p>Mesmo com a pandemia, a Prefeitura desenvolveu atividades seguindo todos os protocolos sanit\u00e1rios<\/p>\n","protected":false},"author":28,"featured_media":76460,"comment_status":"closed","ping_status":"closed","sticky":false,"template":"","format":"standard","meta":{"footnotes":""},"categories":[8356,1],"tags":[],"class_list":["post-76458","post","type-post","status-publish","format-standard","has-post-thumbnail","hentry","category-jundiai","category-noticias"],"_links":{"self":[{"href":"https:\/\/tvtecjundiai.com.br\/news\/wp-json\/wp\/v2\/posts\/76458","targetHints":{"allow":["GET"]}}],"collection":[{"href":"https:\/\/tvtecjundiai.com.br\/news\/wp-json\/wp\/v2\/posts"}],"about":[{"href":"https:\/\/tvtecjundiai.com.br\/news\/wp-json\/wp\/v2\/types\/post"}],"author":[{"embeddable":true,"href":"https:\/\/tvtecjundiai.com.br\/news\/wp-json\/wp\/v2\/users\/28"}],"replies":[{"embeddable":true,"href":"https:\/\/tvtecjundiai.com.br\/news\/wp-json\/wp\/v2\/comments?post=76458"}],"version-history":[{"count":1,"href":"https:\/\/tvtecjundiai.com.br\/news\/wp-json\/wp\/v2\/posts\/76458\/revisions"}],"predecessor-version":[{"id":76461,"href":"https:\/\/tvtecjundiai.com.br\/news\/wp-json\/wp\/v2\/posts\/76458\/revisions\/76461"}],"wp:featuredmedia":[{"embeddable":true,"href":"https:\/\/tvtecjundiai.com.br\/news\/wp-json\/wp\/v2\/media\/76460"}],"wp:attachment":[{"href":"https:\/\/tvtecjundiai.com.br\/news\/wp-json\/wp\/v2\/media?parent=76458"}],"wp:term":[{"taxonomy":"category","embeddable":true,"href":"https:\/\/tvtecjundiai.com.br\/news\/wp-json\/wp\/v2\/categories?post=76458"},{"taxonomy":"post_tag","embeddable":true,"href":"https:\/\/tvtecjundiai.com.br\/news\/wp-json\/wp\/v2\/tags?post=76458"}],"curies":[{"name":"wp","href":"https:\/\/api.w.org\/{rel}","templated":true}]}}