{"id":76462,"date":"2021-05-26T14:10:13","date_gmt":"2021-05-26T17:10:13","guid":{"rendered":"https:\/\/tvtecjundiai.com.br\/news\/?p=76462"},"modified":"2021-05-26T14:13:47","modified_gmt":"2021-05-26T17:13:47","slug":"governo-de-sp-inicia-em-agosto-vacinacao-de-pessoas-de-45-a-54-anos-1","status":"publish","type":"post","link":"https:\/\/tvtecjundiai.com.br\/news\/2021\/05\/26\/governo-de-sp-inicia-em-agosto-vacinacao-de-pessoas-de-45-a-54-anos-1\/","title":{"rendered":"COVID-19: SP anuncia vacina\u00e7\u00e3o para pessoas de 45 a 54 anos sem comorbidades em agosto"},"content":{"rendered":"\n<p>O Governador Jo\u00e3o Doria projetou para agosto o in\u00edcio da vacina\u00e7\u00e3o contra a COVID-19 das pessoas de 45 a 54 anos e anunciou a imuniza\u00e7\u00e3o dos trabalhadores de transporte a\u00e9reo para esta sexta-feira (28).<\/p>\n\n\n\n<p>Os portu\u00e1rios ser\u00e3o vacinados a partir da pr\u00f3xima ter\u00e7a-feira (1\u00ba). Para isso, o Estado de S\u00e3o Paulo depender\u00e1 da efetividade do envio de quantitativos de vacina pelo Minist\u00e9rio da Sa\u00fade.<\/p>\n\n\n\n<p>\u201cNo per\u00edodo de 2 a 16 de agosto, ser\u00e3o vacinadas as pessoas entre 50 e 54 anos. E, a partir do dia 17 de agosto, come\u00e7aremos a vacina\u00e7\u00e3o das pessoas entre 45 e 49 anos, um p\u00fablico total de 3,6 milh\u00f5es de pessoas\u201d, disse Doria.<\/p>\n\n\n\n<p>A vacina\u00e7\u00e3o de trabalhadores de transporte a\u00e9reo come\u00e7a nesta sexta-feira (28), com a imuniza\u00e7\u00e3o nos aeroportos de Congonhas, Cumbica e Viracopos. Os portu\u00e1rios do Porto de Santos come\u00e7ar\u00e3o a ser imunizados a partir da pr\u00f3xima ter\u00e7a-feira (1\u00ba). Neste primeiro momento ser\u00e3o imunizadas 40 mil pessoas.<\/p>\n\n\n\n<p>A Coordenadora Geral do Plano Estadual de Imuniza\u00e7\u00e3o, Regiane de Paula, ressaltou que a Secretaria de Estado da Sa\u00fade j\u00e1 solicitou ao Minist\u00e9rio da Sa\u00fade mais doses de vacinas para completar a imuniza\u00e7\u00e3o deste novo p\u00fablico-alvo.<\/p>\n\n\n\n<p><em>(Texto\/Imagem: Portal do Governo)<\/em><\/p>\n","protected":false},"excerpt":{"rendered":"<p>Tamb\u00e9m foi anunciado a imuniza\u00e7\u00e3o dos trabalhadores de transporte a\u00e9reo para esta sexta-feira (28)<\/p>\n","protected":false},"author":28,"featured_media":76464,"comment_status":"closed","ping_status":"closed","sticky":false,"template":"","format":"standard","meta":{"footnotes":""},"categories":[8356,1],"tags":[],"class_list":["post-76462","post","type-post","status-publish","format-standard","has-post-thumbnail","hentry","category-jundiai","category-noticias"],"_links":{"self":[{"href":"https:\/\/tvtecjundiai.com.br\/news\/wp-json\/wp\/v2\/posts\/76462","targetHints":{"allow":["GET"]}}],"collection":[{"href":"https:\/\/tvtecjundiai.com.br\/news\/wp-json\/wp\/v2\/posts"}],"about":[{"href":"https:\/\/tvtecjundiai.com.br\/news\/wp-json\/wp\/v2\/types\/post"}],"author":[{"embeddable":true,"href":"https:\/\/tvtecjundiai.com.br\/news\/wp-json\/wp\/v2\/users\/28"}],"replies":[{"embeddable":true,"href":"https:\/\/tvtecjundiai.com.br\/news\/wp-json\/wp\/v2\/comments?post=76462"}],"version-history":[{"count":3,"href":"https:\/\/tvtecjundiai.com.br\/news\/wp-json\/wp\/v2\/posts\/76462\/revisions"}],"predecessor-version":[{"id":76466,"href":"https:\/\/tvtecjundiai.com.br\/news\/wp-json\/wp\/v2\/posts\/76462\/revisions\/76466"}],"wp:featuredmedia":[{"embeddable":true,"href":"https:\/\/tvtecjundiai.com.br\/news\/wp-json\/wp\/v2\/media\/76464"}],"wp:attachment":[{"href":"https:\/\/tvtecjundiai.com.br\/news\/wp-json\/wp\/v2\/media?parent=76462"}],"wp:term":[{"taxonomy":"category","embeddable":true,"href":"https:\/\/tvtecjundiai.com.br\/news\/wp-json\/wp\/v2\/categories?post=76462"},{"taxonomy":"post_tag","embeddable":true,"href":"https:\/\/tvtecjundiai.com.br\/news\/wp-json\/wp\/v2\/tags?post=76462"}],"curies":[{"name":"wp","href":"https:\/\/api.w.org\/{rel}","templated":true}]}}