{"id":76477,"date":"2021-05-26T17:01:47","date_gmt":"2021-05-26T20:01:47","guid":{"rendered":"https:\/\/tvtecjundiai.com.br\/news\/?p=76477"},"modified":"2021-05-26T17:01:47","modified_gmt":"2021-05-26T20:01:47","slug":"jundiaienses-registram-toda-a-beleza-da-superlua","status":"publish","type":"post","link":"https:\/\/tvtecjundiai.com.br\/news\/2021\/05\/26\/jundiaienses-registram-toda-a-beleza-da-superlua\/","title":{"rendered":"Jundiaienses registram toda a beleza da &#8216;superlua&#8217;"},"content":{"rendered":"\n<p>Diversos seguidores da TVTEC enviaram fotos da \u2018superlua\u2019, que apareceu nos c\u00e9us entre a noite de ter\u00e7a-feira (26) e a manh\u00e3 desta quarta-feira (27). <\/p>\n\n\n\n<p>V\u00e1rias regi\u00f5es do Brasil puderam ver a fase inicial do eclipse lunar total \u2013 quando Sol, Terra e Lua se alinham e o planeta faz sombra sobre o sat\u00e9lite.<\/p>\n\n\n\n<p>Confira alguns dos registros.<\/p>\n\n\n\n<figure class=\"wp-block-image size-large\"><img loading=\"lazy\" decoding=\"async\" width=\"960\" height=\"960\" src=\"https:\/\/tvtecjundiai.com.br\/news\/wp-content\/uploads\/sites\/2\/2021\/05\/WhatsApp-Image-2021-05-26-at-16.20.35-960x960.jpeg\" alt=\"\" class=\"wp-image-76478\" srcset=\"https:\/\/tvtecjundiai.com.br\/news\/wp-content\/uploads\/sites\/2\/2021\/05\/WhatsApp-Image-2021-05-26-at-16.20.35-960x960.jpeg 960w, https:\/\/tvtecjundiai.com.br\/news\/wp-content\/uploads\/sites\/2\/2021\/05\/WhatsApp-Image-2021-05-26-at-16.20.35-300x300.jpeg 300w, https:\/\/tvtecjundiai.com.br\/news\/wp-content\/uploads\/sites\/2\/2021\/05\/WhatsApp-Image-2021-05-26-at-16.20.35-100x100.jpeg 100w, https:\/\/tvtecjundiai.com.br\/news\/wp-content\/uploads\/sites\/2\/2021\/05\/WhatsApp-Image-2021-05-26-at-16.20.35-768x768.jpeg 768w, https:\/\/tvtecjundiai.com.br\/news\/wp-content\/uploads\/sites\/2\/2021\/05\/WhatsApp-Image-2021-05-26-at-16.20.35.jpeg 1280w\" sizes=\"auto, (max-width: 960px) 100vw, 960px\" \/><figcaption>Registro tirado por Sophie Mina<\/figcaption><\/figure>\n\n\n\n<div class=\"wp-block-image\"><figure class=\"aligncenter size-large\"><img loading=\"lazy\" decoding=\"async\" width=\"750\" height=\"572\" src=\"https:\/\/tvtecjundiai.com.br\/news\/wp-content\/uploads\/sites\/2\/2021\/05\/WhatsApp-Image-2021-05-26-at-16.18.39.jpeg\" alt=\"\" class=\"wp-image-76479\" srcset=\"https:\/\/tvtecjundiai.com.br\/news\/wp-content\/uploads\/sites\/2\/2021\/05\/WhatsApp-Image-2021-05-26-at-16.18.39.jpeg 750w, https:\/\/tvtecjundiai.com.br\/news\/wp-content\/uploads\/sites\/2\/2021\/05\/WhatsApp-Image-2021-05-26-at-16.18.39-300x229.jpeg 300w\" sizes=\"auto, (max-width: 750px) 100vw, 750px\" \/><figcaption>Clique feito por Mauro Moraes<\/figcaption><\/figure><\/div>\n\n\n\n<div class=\"wp-block-image\"><figure class=\"aligncenter size-large\"><img loading=\"lazy\" decoding=\"async\" width=\"750\" height=\"917\" src=\"https:\/\/tvtecjundiai.com.br\/news\/wp-content\/uploads\/sites\/2\/2021\/05\/WhatsApp-Image-2021-05-26-at-16.20.12.jpeg\" alt=\"\" class=\"wp-image-76480\" srcset=\"https:\/\/tvtecjundiai.com.br\/news\/wp-content\/uploads\/sites\/2\/2021\/05\/WhatsApp-Image-2021-05-26-at-16.20.12.jpeg 750w, https:\/\/tvtecjundiai.com.br\/news\/wp-content\/uploads\/sites\/2\/2021\/05\/WhatsApp-Image-2021-05-26-at-16.20.12-300x367.jpeg 300w\" sizes=\"auto, (max-width: 750px) 100vw, 750px\" \/><figcaption>Registro feito por Marcos Mantovanelli<\/figcaption><\/figure><\/div>\n\n\n\n<p><em>(Texto: TVTEC\/Imagens: Arquivo Pessoal)<\/em><\/p>\n","protected":false},"excerpt":{"rendered":"<p>Fen\u00f4meno pode ser visto entre a noite de ter\u00e7a-feira (26) e a manh\u00e3 de quarta-feira (27)<\/p>\n","protected":false},"author":28,"featured_media":76479,"comment_status":"closed","ping_status":"closed","sticky":false,"template":"","format":"standard","meta":{"footnotes":""},"categories":[8356,1],"tags":[],"class_list":["post-76477","post","type-post","status-publish","format-standard","has-post-thumbnail","hentry","category-jundiai","category-noticias"],"_links":{"self":[{"href":"https:\/\/tvtecjundiai.com.br\/news\/wp-json\/wp\/v2\/posts\/76477","targetHints":{"allow":["GET"]}}],"collection":[{"href":"https:\/\/tvtecjundiai.com.br\/news\/wp-json\/wp\/v2\/posts"}],"about":[{"href":"https:\/\/tvtecjundiai.com.br\/news\/wp-json\/wp\/v2\/types\/post"}],"author":[{"embeddable":true,"href":"https:\/\/tvtecjundiai.com.br\/news\/wp-json\/wp\/v2\/users\/28"}],"replies":[{"embeddable":true,"href":"https:\/\/tvtecjundiai.com.br\/news\/wp-json\/wp\/v2\/comments?post=76477"}],"version-history":[{"count":1,"href":"https:\/\/tvtecjundiai.com.br\/news\/wp-json\/wp\/v2\/posts\/76477\/revisions"}],"predecessor-version":[{"id":76481,"href":"https:\/\/tvtecjundiai.com.br\/news\/wp-json\/wp\/v2\/posts\/76477\/revisions\/76481"}],"wp:featuredmedia":[{"embeddable":true,"href":"https:\/\/tvtecjundiai.com.br\/news\/wp-json\/wp\/v2\/media\/76479"}],"wp:attachment":[{"href":"https:\/\/tvtecjundiai.com.br\/news\/wp-json\/wp\/v2\/media?parent=76477"}],"wp:term":[{"taxonomy":"category","embeddable":true,"href":"https:\/\/tvtecjundiai.com.br\/news\/wp-json\/wp\/v2\/categories?post=76477"},{"taxonomy":"post_tag","embeddable":true,"href":"https:\/\/tvtecjundiai.com.br\/news\/wp-json\/wp\/v2\/tags?post=76477"}],"curies":[{"name":"wp","href":"https:\/\/api.w.org\/{rel}","templated":true}]}}