{"id":76485,"date":"2021-05-26T18:17:51","date_gmt":"2021-05-26T21:17:51","guid":{"rendered":"https:\/\/tvtecjundiai.com.br\/news\/?p=76485"},"modified":"2021-05-26T18:17:51","modified_gmt":"2021-05-26T21:17:51","slug":"funcionarios-da-prefeitura-de-jundiai-se-unem-em-arrecadacao-para-o-fundo-social","status":"publish","type":"post","link":"https:\/\/tvtecjundiai.com.br\/news\/2021\/05\/26\/funcionarios-da-prefeitura-de-jundiai-se-unem-em-arrecadacao-para-o-fundo-social\/","title":{"rendered":"Funcion\u00e1rios da Prefeitura de Jundia\u00ed se unem em arrecada\u00e7\u00e3o para o Fundo Social"},"content":{"rendered":"\n<p>A Campanha Permanente de Solidariedade do Fundo Social recebeu, nesta quarta-feira (26), 175 pacotes de fraldas descart\u00e1veis, entre infantis e geri\u00e1tricas, para fam\u00edlias em vulnerabilidade. A doa\u00e7\u00e3o \u00e9 resultado da campanha \u201cUGGF Solid\u00e1ria\u201d, desenvolvida pela Unidade de Gest\u00e3o de Governo e Finan\u00e7as (UGGF), da Prefeitura de Jundia\u00ed. A iniciativa foi articulada pela Rede Jundia\u00ed de Coopera\u00e7\u00e3o, vinculada \u00e0 unidade, e mobilizou toda a equipe interna.<\/p>\n\n\n\n<p>\u201cNeste momento de pandemia, muitas fam\u00edlias enfrentam dificuldades e aumentou o n\u00famero de pessoas em situa\u00e7\u00e3o de vulnerabilidade social. Identificamos\u00a0a necessidade de doa\u00e7\u00e3o de fraldas infantis e geri\u00e1tricas e mobilizamos toda a equipe para a \u2018Campanha UGGF Solid\u00e1ria\u2019, que ocorreu neste m\u00eas de maio. Com o time engajado em ajudar o pr\u00f3ximo, conseguimos juntar mais de 6 mil fraldas infantis e geri\u00e1tricas que o Funss far\u00e1 chegar em quem realmente precisa. Quem puder, deve ajudar. A campanha mostra que a generosidade faz a diferen\u00e7a em tempos de dificuldades e pode diminuir o sofrimento dessas fam\u00edlias\u201d, explicou o gestor, Jos\u00e9 Antonio Parimoschi.<\/p>\n\n\n\n<figure class=\"wp-block-image size-large\"><img loading=\"lazy\" decoding=\"async\" width=\"1200\" height=\"800\" src=\"https:\/\/tvtecjundiai.com.br\/news\/wp-content\/uploads\/sites\/2\/2021\/05\/uggf_funss-1200x800.jpg\" alt=\"\" class=\"wp-image-76486\" srcset=\"https:\/\/tvtecjundiai.com.br\/news\/wp-content\/uploads\/sites\/2\/2021\/05\/uggf_funss-1200x800.jpg 1200w, https:\/\/tvtecjundiai.com.br\/news\/wp-content\/uploads\/sites\/2\/2021\/05\/uggf_funss-300x200.jpg 300w, https:\/\/tvtecjundiai.com.br\/news\/wp-content\/uploads\/sites\/2\/2021\/05\/uggf_funss-768x512.jpg 768w, https:\/\/tvtecjundiai.com.br\/news\/wp-content\/uploads\/sites\/2\/2021\/05\/uggf_funss.jpg 1280w\" sizes=\"auto, (max-width: 1200px) 100vw, 1200px\" \/><figcaption>Doa\u00e7\u00e3o de fraldas refor\u00e7ar\u00e1 o atendimento \u00e0s fam\u00edlias em vulnerabilidade<\/figcaption><\/figure>\n\n\n\n<p>A primeira-dama e presidente do Funss, Vanessa Machado, falou da alegria em receber esta doa\u00e7\u00e3o: \u201cEsta iniciativa dos funcion\u00e1rios refor\u00e7a a import\u00e2ncia do trabalho integrado entre as Unidades de Gest\u00e3o da Prefeitura de Jundia\u00ed em benef\u00edcio do bem comum. Estou muito feliz com o resultado que, certamente, chega para refor\u00e7ar ainda mais o atendimento \u00e0s fam\u00edlias em vulnerabilidade\u201d, afirmou.<\/p>\n\n\n\n<p>Tamb\u00e9m estiveram presentes a diretora do Fundo Social, Francine Picardi; o Gestor Adjunto de Governo, Jones Henrique Martins; a Diretora da Unidade Central de Parcerias Estrat\u00e9gicas, Daniele Ruiz; o Diretor da Unidade Central de Planejamento e Governan\u00e7a, Fernando Lu\u00eds Polo; o Diretor do Departamento de Administra\u00e7\u00e3o Financeira, Fabio Rosasco; e a Diretora do Departamento de Receita Tribut\u00e1ria, Roseli Concei\u00e7\u00e3o de Paiva.<\/p>\n\n\n\n<p><strong>Campanha Permanente<\/strong><\/p>\n\n\n\n<p>Al\u00e9m de fraldas infantis e geri\u00e1tricas, a Campanha Permanente do Fundo Social tamb\u00e9m recebe alimentos n\u00e3o perec\u00edveis; leite longa vida ou em p\u00f3; absorventes higi\u00eanicos descart\u00e1veis; \u00e1gua mineral; roupas, cal\u00e7ados e toalhas de banho; produtos de limpeza e de higiene pessoal; ra\u00e7\u00e3o para animais; e saco de lixo.<\/p>\n\n\n\n<p>Os itens devem ser entregues, diretamente, na sede do Fundo Social, localizado dentro do Parque da Uva. O acesso \u00e9 pela avenida Dona Manoela Lacerda de Vergueiro, s\/n, port\u00e3o 03, bairro Anhangaba\u00fa. O funcionamento da unidade \u00e9 de segunda a sexta-feira, das 8h \u00e0s 17h, exceto feriados. Informa\u00e7\u00f5es: (11) 4521-2762, 4521-2929 e 4521-6833.<\/p>\n\n\n\n<p><em>(Texto\/Imagem: Prefeitura de Jundia\u00ed)<\/em><\/p>\n","protected":false},"excerpt":{"rendered":"<p>Campanha recebeu pacotes de fraldas descart\u00e1veis, entre infantis e geri\u00e1tricas, para fam\u00edlias em vulnerabilidade<\/p>\n","protected":false},"author":28,"featured_media":76486,"comment_status":"closed","ping_status":"closed","sticky":false,"template":"","format":"standard","meta":{"footnotes":""},"categories":[8356,1],"tags":[],"class_list":["post-76485","post","type-post","status-publish","format-standard","has-post-thumbnail","hentry","category-jundiai","category-noticias"],"_links":{"self":[{"href":"https:\/\/tvtecjundiai.com.br\/news\/wp-json\/wp\/v2\/posts\/76485","targetHints":{"allow":["GET"]}}],"collection":[{"href":"https:\/\/tvtecjundiai.com.br\/news\/wp-json\/wp\/v2\/posts"}],"about":[{"href":"https:\/\/tvtecjundiai.com.br\/news\/wp-json\/wp\/v2\/types\/post"}],"author":[{"embeddable":true,"href":"https:\/\/tvtecjundiai.com.br\/news\/wp-json\/wp\/v2\/users\/28"}],"replies":[{"embeddable":true,"href":"https:\/\/tvtecjundiai.com.br\/news\/wp-json\/wp\/v2\/comments?post=76485"}],"version-history":[{"count":1,"href":"https:\/\/tvtecjundiai.com.br\/news\/wp-json\/wp\/v2\/posts\/76485\/revisions"}],"predecessor-version":[{"id":76487,"href":"https:\/\/tvtecjundiai.com.br\/news\/wp-json\/wp\/v2\/posts\/76485\/revisions\/76487"}],"wp:featuredmedia":[{"embeddable":true,"href":"https:\/\/tvtecjundiai.com.br\/news\/wp-json\/wp\/v2\/media\/76486"}],"wp:attachment":[{"href":"https:\/\/tvtecjundiai.com.br\/news\/wp-json\/wp\/v2\/media?parent=76485"}],"wp:term":[{"taxonomy":"category","embeddable":true,"href":"https:\/\/tvtecjundiai.com.br\/news\/wp-json\/wp\/v2\/categories?post=76485"},{"taxonomy":"post_tag","embeddable":true,"href":"https:\/\/tvtecjundiai.com.br\/news\/wp-json\/wp\/v2\/tags?post=76485"}],"curies":[{"name":"wp","href":"https:\/\/api.w.org\/{rel}","templated":true}]}}