{"id":76490,"date":"2021-05-26T18:48:47","date_gmt":"2021-05-26T21:48:47","guid":{"rendered":"https:\/\/tvtecjundiai.com.br\/news\/?p=76490"},"modified":"2021-05-27T10:12:56","modified_gmt":"2021-05-27T13:12:56","slug":"covid-19-profissionais-de-saude-contam-com-agenda-para-pessoas-com-30-anos-ou-mais","status":"publish","type":"post","link":"https:\/\/tvtecjundiai.com.br\/news\/2021\/05\/26\/covid-19-profissionais-de-saude-contam-com-agenda-para-pessoas-com-30-anos-ou-mais\/","title":{"rendered":"Agendamento para profissionais da Sa\u00fade com 40 anos ou mais ser\u00e1 liberado na sexta (28), \u00e0s 11h"},"content":{"rendered":"\n<p>Na sexta-feira (28), \u00e0s 11h, nova agenda para profissionais de Sa\u00fade ser\u00e1 aberta nos canais digitais da Prefeitura de Jundia\u00ed (<a href=\"https:\/\/vacina.jundiai.sp.gov.br\/agendamento\/?rand=397110597871\">site<\/a>&nbsp;e APP Jundia\u00ed). Desta vez, a idade baixou para 30 anos ou mais e atender\u00e1 a profissionais com registro em Conselho de Classe e aqueles que trabalham em apoio de algum servi\u00e7o de Sa\u00fade da cidade. Os estudantes de cursos da \u00e1rea que estejam em est\u00e1gio tamb\u00e9m poder\u00e3o realizar o agendamento. Todos dever\u00e3o comprovar a documenta\u00e7\u00e3o exigida para cada categoria no dia da aplica\u00e7\u00e3o.<\/p>\n\n\n\n<p>De acordo com a enfermeira coordenadora da Vigil\u00e2ncia Epidemiol\u00f3gica (VE) da Unidade de Gest\u00e3o de Promo\u00e7\u00e3o da Sa\u00fade (UGPS), Maria do Carmo Possidente, \u00e9 essencial que os profissionais e estudantes fa\u00e7am, al\u00e9m do agendamento, o registro dos dados no portal VacinaJ\u00e1.<\/p>\n\n\n\n<p>Confira os documentos exigidos por cada categoria:<\/p>\n\n\n\n<p><strong>PROFISSIONAL DE SA\u00daDE 30+ PRIMEIRA DOSE \u2013 ASTRAZENECA<\/strong><\/p>\n\n\n\n<p>Vacina\u00e7\u00e3o para profissionais de sa\u00fade&nbsp;que tenham registro de classe e que sejam residentes ou trabalhadores em Jundia\u00ed<\/p>\n\n\n\n<p>Podem agendar os profissionais: m\u00e9dicos, enfermeiros, nutricionistas, fisioterapeutas, terapeutas ocupacionais, bi\u00f3logos, biom\u00e9dicos, farmac\u00eauticos, odont\u00f3logos, fonoaudi\u00f3logos, psic\u00f3logos, assistentes sociais, profissionais de educa\u00e7\u00e3o f\u00edsica e m\u00e9dicos veterin\u00e1rios.<\/p>\n\n\n\n<p>Comprova\u00e7\u00e3o:<\/p>\n\n\n\n<p>Apresentar documento de identifica\u00e7\u00e3o com foto, CPF<\/p>\n\n\n\n<p>Comprovante de resid\u00eancia atualizado (\u00faltimo seis meses)&nbsp;<strong>ou<\/strong>&nbsp;comprovante&nbsp; de trabalho no munic\u00edpio de jundia\u00ed (exemplo:&nbsp; contrato social, carteira de trabalho ou declara\u00e7\u00e3o de v\u00ednculo com a empresa estabelecida no munic\u00edpio de Jundia\u00ed)<\/p>\n\n\n\n<p>Apresenta\u00e7\u00e3o de registro de conselho de classe.<\/p>\n\n\n\n<figure class=\"wp-block-image size-large\"><img loading=\"lazy\" decoding=\"async\" width=\"1200\" height=\"800\" src=\"https:\/\/tvtecjundiai.com.br\/news\/wp-content\/uploads\/sites\/2\/2021\/05\/vacinacao_45_comorbidades_paroquia_santo_antonio-145-1200x800.jpg\" alt=\"\" class=\"wp-image-76491\" srcset=\"https:\/\/tvtecjundiai.com.br\/news\/wp-content\/uploads\/sites\/2\/2021\/05\/vacinacao_45_comorbidades_paroquia_santo_antonio-145-1200x800.jpg 1200w, https:\/\/tvtecjundiai.com.br\/news\/wp-content\/uploads\/sites\/2\/2021\/05\/vacinacao_45_comorbidades_paroquia_santo_antonio-145-300x200.jpg 300w, https:\/\/tvtecjundiai.com.br\/news\/wp-content\/uploads\/sites\/2\/2021\/05\/vacinacao_45_comorbidades_paroquia_santo_antonio-145-768x512.jpg 768w, https:\/\/tvtecjundiai.com.br\/news\/wp-content\/uploads\/sites\/2\/2021\/05\/vacinacao_45_comorbidades_paroquia_santo_antonio-145.jpg 1280w\" sizes=\"auto, (max-width: 1200px) 100vw, 1200px\" \/><figcaption>Vacina\u00e7\u00e3o para profissionais ter\u00e1 agenda aberta para quem tem 30 anos ou mais<\/figcaption><\/figure>\n\n\n\n<p><strong>TRABALHADOR DE APOIO DE ESTABELECIMENTO DE SA\u00daDE 30+ PRIMEIRA DOSE- ASTRAZENECA<\/strong><\/p>\n\n\n\n<p>Vacina\u00e7\u00e3o para trabalhadores de servi\u00e7os de apoio que estejam com v\u00ednculo ativo com&nbsp;&nbsp;Estabelecimento de Sa\u00fade no munic\u00edpio de&nbsp;Jundia\u00ed.<\/p>\n\n\n\n<p>Podem agendar os trabalhadores: Recepcionista, seguran\u00e7a, trabalhador de limpeza, cozinheiro, auxiliar de cozinha, motorista de ambul\u00e2ncia, auxiliar e t\u00e9cnico em veterin\u00e1ria, auxiliar e t\u00e9cnico em farm\u00e1cia e outros.&nbsp;<\/p>\n\n\n\n<p>Comprova\u00e7\u00e3o:&nbsp;Apresentar documento de identifica\u00e7\u00e3o com foto, CPF, carteira de trabalho ou contrato de trabalho&nbsp;e&nbsp;declara\u00e7\u00e3o contendo carimbo e assinatura comprovando v\u00ednculo com estabelecimento de sa\u00fade constando: Fun\u00e7\u00e3o, endere\u00e7o de Jundia\u00ed e CNPJ.<\/p>\n\n\n\n<p><strong>ESTUDANTE DA \u00c1REA DE SA\u00daDE EM EST\u00c1GIO EM INSTITUI\u00c7\u00c3O DE SA\u00daDE 18+ PRIMEIRA DOSE<\/strong><\/p>\n\n\n\n<p><strong>Podem agendar:<\/strong>&nbsp;estudantes de Medicina,&nbsp;Enfermagem,&nbsp;T\u00e9cnico de enfermagem,&nbsp;Auxiliar de enfermagem,&nbsp;Nutri\u00e7\u00e3o,&nbsp;Fisioterapia,&nbsp;Terapia ocupacional,&nbsp;Biologia,&nbsp;Biomedicina,&nbsp;Farm\u00e1cia,&nbsp;Odontologia,&nbsp;Curso profissionalizante de Auxiliar em sa\u00fade bucal,&nbsp;Curso t\u00e9cnico em sa\u00fade bucal,&nbsp;Fonoaudiologia,&nbsp;Psicologia,&nbsp;Servi\u00e7o Social,&nbsp;Educa\u00e7\u00e3o F\u00edsica e Medicina veterin\u00e1ria.<\/p>\n\n\n\n<p><strong>Atender ao menos a um dos requisitos:<\/strong><\/p>\n\n\n\n<ul class=\"wp-block-list\"><li>Cursar um dos cursos eleg\u00edveis em Institui\u00e7\u00f5es de Ensino de Jundia\u00ed&nbsp;e&nbsp;realizar est\u00e1gio curricular em estabelecimento de sa\u00fade de Jundia\u00ed ou outro munic\u00edpio.<\/li><li>Cursar um dos cursos eleg\u00edveis em Institui\u00e7\u00f5es de Ensino de outros munic\u00edpios&nbsp;e&nbsp;realizar est\u00e1gio em estabelecimentos de sa\u00fade de Jundia\u00ed.<\/li><li>Residir em Jundia\u00ed, cursar um dos cursos eleg\u00edveis em Institui\u00e7\u00f5es de Ensino de outros munic\u00edpios&nbsp;e&nbsp;realizar est\u00e1gio em estabelecimentos de sa\u00fade de outros munic\u00edpios.<\/li><\/ul>\n\n\n\n<p><strong>Comprovantes obrigat\u00f3rios para apresenta\u00e7\u00e3o no momento da vacina:<\/strong><\/p>\n\n\n\n<p>1 \u2013 Apresentar documento de identifica\u00e7\u00e3o com foto, CPF.<\/p>\n\n\n\n<p>2 \u2013 Declara\u00e7\u00e3o de matr\u00edcula nominal emitido pela INSTITUI\u00c7\u00c3O DE ENSINO em papel timbrado, carimbada e assinada por coordenador do curso ou outra autoridade equivalente. Esta declara\u00e7\u00e3o dever\u00e1 conter: nome completo do estudante, curso, semestre\/per\u00edodo que est\u00e1 cursando e informa\u00e7\u00f5es sobre est\u00e1gio em andamento (local e per\u00edodo);<br><br>3 \u2013 Declara\u00e7\u00e3o em papel timbrado emitida pelo SERVI\u00c7O\/UNIDADE DE SA\u00daDE ONDE REALIZA EST\u00c1GIO. Esta declara\u00e7\u00e3o dever\u00e1 conter: nome completo do estudante, curso, semestre e nome do coordenador do servi\u00e7o (com CPF e assinatura).<\/p>\n\n\n\n<p><em>(Texto\/Imagem: Prefeitura de Jundia\u00ed)<\/em><\/p>\n","protected":false},"excerpt":{"rendered":"<p>Na sexta-feira (28), \u00e0s 11h, nova agenda para profissionais de Sa\u00fade ser\u00e1 aberta nos canais digitais da prefeitura<\/p>\n","protected":false},"author":28,"featured_media":76491,"comment_status":"closed","ping_status":"closed","sticky":false,"template":"","format":"standard","meta":{"footnotes":""},"categories":[8356,1],"tags":[],"class_list":["post-76490","post","type-post","status-publish","format-standard","has-post-thumbnail","hentry","category-jundiai","category-noticias"],"_links":{"self":[{"href":"https:\/\/tvtecjundiai.com.br\/news\/wp-json\/wp\/v2\/posts\/76490","targetHints":{"allow":["GET"]}}],"collection":[{"href":"https:\/\/tvtecjundiai.com.br\/news\/wp-json\/wp\/v2\/posts"}],"about":[{"href":"https:\/\/tvtecjundiai.com.br\/news\/wp-json\/wp\/v2\/types\/post"}],"author":[{"embeddable":true,"href":"https:\/\/tvtecjundiai.com.br\/news\/wp-json\/wp\/v2\/users\/28"}],"replies":[{"embeddable":true,"href":"https:\/\/tvtecjundiai.com.br\/news\/wp-json\/wp\/v2\/comments?post=76490"}],"version-history":[{"count":3,"href":"https:\/\/tvtecjundiai.com.br\/news\/wp-json\/wp\/v2\/posts\/76490\/revisions"}],"predecessor-version":[{"id":76507,"href":"https:\/\/tvtecjundiai.com.br\/news\/wp-json\/wp\/v2\/posts\/76490\/revisions\/76507"}],"wp:featuredmedia":[{"embeddable":true,"href":"https:\/\/tvtecjundiai.com.br\/news\/wp-json\/wp\/v2\/media\/76491"}],"wp:attachment":[{"href":"https:\/\/tvtecjundiai.com.br\/news\/wp-json\/wp\/v2\/media?parent=76490"}],"wp:term":[{"taxonomy":"category","embeddable":true,"href":"https:\/\/tvtecjundiai.com.br\/news\/wp-json\/wp\/v2\/categories?post=76490"},{"taxonomy":"post_tag","embeddable":true,"href":"https:\/\/tvtecjundiai.com.br\/news\/wp-json\/wp\/v2\/tags?post=76490"}],"curies":[{"name":"wp","href":"https:\/\/api.w.org\/{rel}","templated":true}]}}