{"id":76493,"date":"2021-05-26T18:55:33","date_gmt":"2021-05-26T21:55:33","guid":{"rendered":"https:\/\/tvtecjundiai.com.br\/news\/?p=76493"},"modified":"2021-05-26T18:55:33","modified_gmt":"2021-05-26T21:55:33","slug":"na-reta-final-maio-amarelo-e-destaque-do-programa-painel-jundiai-da-tvtec","status":"publish","type":"post","link":"https:\/\/tvtecjundiai.com.br\/news\/2021\/05\/26\/na-reta-final-maio-amarelo-e-destaque-do-programa-painel-jundiai-da-tvtec\/","title":{"rendered":"Na reta final, Maio Amarelo \u00e9 destaque do programa Painel Jundia\u00ed, da TVTEC"},"content":{"rendered":"\n<p>Em seus \u00faltimos dias, o movimento Maio Amarelo, adotado em Jundia\u00ed, foi destaque do programa Painel Jundia\u00ed, da TVTEC, na manh\u00e3 desta quarta-feira (26). O gestor de Mobilidade e Transporte, Aloysio Queiroz, participou do programa, abordando as atividades desenvolvidas no m\u00eas e a realidade de Jundia\u00ed em rela\u00e7\u00e3o ao tr\u00e2nsito.<\/p>\n\n\n\n<p>\u201cEstamos chegando ao final do m\u00eas e ficamos contentes com as respostas que tivemos da nossa sociedade atrav\u00e9s do Maio Amarelo\u201d, declarou. \u201cMas o trabalho de conscientiza\u00e7\u00e3o continua, \u00e9 constante, al\u00e9m da fiscaliza\u00e7\u00e3o.\u201d<\/p>\n\n\n\n<figure class=\"wp-block-image size-large\"><img loading=\"lazy\" decoding=\"async\" width=\"978\" height=\"664\" src=\"https:\/\/tvtecjundiai.com.br\/news\/wp-content\/uploads\/sites\/2\/2021\/05\/whatsapp-image-2021-05-26-at-16-14-17.jpg\" alt=\"\" class=\"wp-image-76494\" srcset=\"https:\/\/tvtecjundiai.com.br\/news\/wp-content\/uploads\/sites\/2\/2021\/05\/whatsapp-image-2021-05-26-at-16-14-17.jpg 978w, https:\/\/tvtecjundiai.com.br\/news\/wp-content\/uploads\/sites\/2\/2021\/05\/whatsapp-image-2021-05-26-at-16-14-17-300x204.jpg 300w, https:\/\/tvtecjundiai.com.br\/news\/wp-content\/uploads\/sites\/2\/2021\/05\/whatsapp-image-2021-05-26-at-16-14-17-768x521.jpg 768w\" sizes=\"auto, (max-width: 978px) 100vw, 978px\" \/><figcaption>O apresentador M\u00e1rcio Miguel (\u00e0 esquerda) e o gestor Aloysio Queiroz ao fundo, nos est\u00fadios da TVTEC<\/figcaption><\/figure>\n\n\n\n<p>Sob a apresenta\u00e7\u00e3o de M\u00e1rcio Miguel, o programa tamb\u00e9m contou com entrevistas com o agente de tr\u00e2nsito Vagner Aparecido Quintiliano, com o coordenador m\u00e9dico do Samu, M\u00e1rio Jorge Kodama, e com o diretor do departamento de Engenharia de Mobilidade, Leandro Pinheiro. O programa foi transmitido nas redes sociais da TVTEC e no canal 24 da NET.<\/p>\n\n\n\n<p><em>(Texto\/Imagem: Prefeitura de Jundia\u00ed)<\/em><\/p>\n","protected":false},"excerpt":{"rendered":"<p>O gestor de Mobilidade e Transporte, Aloysio Queiroz, participou do programa<\/p>\n","protected":false},"author":28,"featured_media":76494,"comment_status":"closed","ping_status":"closed","sticky":false,"template":"","format":"standard","meta":{"footnotes":""},"categories":[8356,1],"tags":[],"class_list":["post-76493","post","type-post","status-publish","format-standard","has-post-thumbnail","hentry","category-jundiai","category-noticias"],"_links":{"self":[{"href":"https:\/\/tvtecjundiai.com.br\/news\/wp-json\/wp\/v2\/posts\/76493","targetHints":{"allow":["GET"]}}],"collection":[{"href":"https:\/\/tvtecjundiai.com.br\/news\/wp-json\/wp\/v2\/posts"}],"about":[{"href":"https:\/\/tvtecjundiai.com.br\/news\/wp-json\/wp\/v2\/types\/post"}],"author":[{"embeddable":true,"href":"https:\/\/tvtecjundiai.com.br\/news\/wp-json\/wp\/v2\/users\/28"}],"replies":[{"embeddable":true,"href":"https:\/\/tvtecjundiai.com.br\/news\/wp-json\/wp\/v2\/comments?post=76493"}],"version-history":[{"count":1,"href":"https:\/\/tvtecjundiai.com.br\/news\/wp-json\/wp\/v2\/posts\/76493\/revisions"}],"predecessor-version":[{"id":76495,"href":"https:\/\/tvtecjundiai.com.br\/news\/wp-json\/wp\/v2\/posts\/76493\/revisions\/76495"}],"wp:featuredmedia":[{"embeddable":true,"href":"https:\/\/tvtecjundiai.com.br\/news\/wp-json\/wp\/v2\/media\/76494"}],"wp:attachment":[{"href":"https:\/\/tvtecjundiai.com.br\/news\/wp-json\/wp\/v2\/media?parent=76493"}],"wp:term":[{"taxonomy":"category","embeddable":true,"href":"https:\/\/tvtecjundiai.com.br\/news\/wp-json\/wp\/v2\/categories?post=76493"},{"taxonomy":"post_tag","embeddable":true,"href":"https:\/\/tvtecjundiai.com.br\/news\/wp-json\/wp\/v2\/tags?post=76493"}],"curies":[{"name":"wp","href":"https:\/\/api.w.org\/{rel}","templated":true}]}}