{"id":76496,"date":"2021-05-26T19:00:44","date_gmt":"2021-05-26T22:00:44","guid":{"rendered":"https:\/\/tvtecjundiai.com.br\/news\/?p=76496"},"modified":"2021-05-26T19:00:44","modified_gmt":"2021-05-26T22:00:44","slug":"politicas-publicas-para-a-infancia-em-jundiai-sao-destaque-na-fiesp","status":"publish","type":"post","link":"https:\/\/tvtecjundiai.com.br\/news\/2021\/05\/26\/politicas-publicas-para-a-infancia-em-jundiai-sao-destaque-na-fiesp\/","title":{"rendered":"Pol\u00edticas p\u00fablicas para a inf\u00e2ncia em Jundia\u00ed s\u00e3o destaque na Fiesp"},"content":{"rendered":"\n<p>As pol\u00edticas p\u00fablicas para a inf\u00e2ncia adotadas em Jundia\u00ed ganharam destaque em palestra na sede da Fiesp (Federa\u00e7\u00e3o das Ind\u00fastrias do Estado de S\u00e3o Paulo), na manh\u00e3 desta quarta-feira (26), em S\u00e3o Paulo. A convite da institui\u00e7\u00e3o, o prefeito Luiz Fernando Machado explicou o modelo inovador que transformou Jundia\u00ed, a partir de 2017, em Cidade das Crian\u00e7as.<\/p>\n\n\n\n<figure class=\"wp-block-image size-large\"><img loading=\"lazy\" decoding=\"async\" width=\"1200\" height=\"800\" src=\"https:\/\/tvtecjundiai.com.br\/news\/wp-content\/uploads\/sites\/2\/2021\/05\/palestra_prefeito_fiesp-345-1200x800.jpg\" alt=\"\" class=\"wp-image-76497\" srcset=\"https:\/\/tvtecjundiai.com.br\/news\/wp-content\/uploads\/sites\/2\/2021\/05\/palestra_prefeito_fiesp-345-1200x800.jpg 1200w, https:\/\/tvtecjundiai.com.br\/news\/wp-content\/uploads\/sites\/2\/2021\/05\/palestra_prefeito_fiesp-345-300x200.jpg 300w, https:\/\/tvtecjundiai.com.br\/news\/wp-content\/uploads\/sites\/2\/2021\/05\/palestra_prefeito_fiesp-345-768x512.jpg 768w, https:\/\/tvtecjundiai.com.br\/news\/wp-content\/uploads\/sites\/2\/2021\/05\/palestra_prefeito_fiesp-345.jpg 1280w\" sizes=\"auto, (max-width: 1200px) 100vw, 1200px\" \/><figcaption>Na Fiesp, Luiz Fernando trouxe em sua palestre dados e explica\u00e7\u00f5es sobre os trabalhos desenvolvidos com a inf\u00e2ncia em Jundia\u00ed<\/figcaption><\/figure>\n\n\n\n<p>\u201cA crian\u00e7a n\u00e3o \u00e9 nosso futuro, ela \u00e9 nosso presente, ela precisa ser pensada agora e participar das nossas transforma\u00e7\u00f5es, como parte da sociedade\u201d, declarou o prefeito. \u201cEm nossa cidade, criamos o Comit\u00ea das Crian\u00e7as, que \u00e9 deliberativo e nos ajuda a construir boas pol\u00edticas p\u00fablicas para o munic\u00edpio.\u201d<\/p>\n\n\n\n<p>A palestra, conduzida aos membros do Conselho Superior de Estudos da Pol\u00edtica (Consep) da Fiesp, contou com a maior parte de seus participantes de forma on-line. \u201cN\u00f3s sempre trazemos a vis\u00e3o de quem faz a diferen\u00e7a para n\u00f3s empres\u00e1rios, em todo o Brasil\u201d, declarou o presidente do Consep\/Fiesp, Carlos Trombini. \u201cTodos os pa\u00edses que investiram em educa\u00e7\u00e3o sa\u00edram na frente.\u201d<\/p>\n\n\n\n<p>Em Jundia\u00ed, explicou Luiz Fernando, a maneira de pensar a educa\u00e7\u00e3o vem mudando. Hoje, com o conceito de desemparedamento, espa\u00e7os p\u00fablicos e abertos, em contato com a natureza, est\u00e3o se tornando novos locais de aprendizado. \u201cS\u00e3o salas de aula a c\u00e9u aberto. Nesse momento de pandemia, a natureza tornou-se, mais do que nunca, uma aliada na aprendizagem e as crian\u00e7as podem aprender muito ao ocuparem seus espa\u00e7os.\u201d<\/p>\n\n\n\n<figure class=\"wp-block-image size-large\"><img loading=\"lazy\" decoding=\"async\" width=\"1200\" height=\"800\" src=\"https:\/\/tvtecjundiai.com.br\/news\/wp-content\/uploads\/sites\/2\/2021\/05\/palestra_prefeito_fiesp-295-1200x800.jpg\" alt=\"\" class=\"wp-image-76498\" srcset=\"https:\/\/tvtecjundiai.com.br\/news\/wp-content\/uploads\/sites\/2\/2021\/05\/palestra_prefeito_fiesp-295-1200x800.jpg 1200w, https:\/\/tvtecjundiai.com.br\/news\/wp-content\/uploads\/sites\/2\/2021\/05\/palestra_prefeito_fiesp-295-300x200.jpg 300w, https:\/\/tvtecjundiai.com.br\/news\/wp-content\/uploads\/sites\/2\/2021\/05\/palestra_prefeito_fiesp-295-768x512.jpg 768w, https:\/\/tvtecjundiai.com.br\/news\/wp-content\/uploads\/sites\/2\/2021\/05\/palestra_prefeito_fiesp-295.jpg 1280w\" sizes=\"auto, (max-width: 1200px) 100vw, 1200px\" \/><figcaption>\u201cNesse momento de pandemia, a natureza tornou-se, mais do que nunca, uma aliada na aprendizagem\u201d, declarou Luiz Fernando<\/figcaption><\/figure>\n\n\n\n<p>Jundia\u00ed aderiu \u00e0 Rede Latino-Americana \u2013 Cidade das Crian\u00e7as e tamb\u00e9m \u00e0 Rede Urban95, sob a tutela da Funda\u00e7\u00e3o holandesa Bernard van Leer, reconhecimento dado a apenas 14 Munic\u00edpios brasileiros. A cidade tamb\u00e9m inaugurou no fim do ano passado, \u00e0 beira de sua represa de abastecimento, o Mundo das Crian\u00e7as, com 170 mil m\u00b2. \u201cAli, instalamos brinquedos que estimulam o desenvolvimento motor das crian\u00e7as e n\u00e3o aqueles que fazem o esfor\u00e7o por elas.\u201d<\/p>\n\n\n\n<p>O prefeito tamb\u00e9m apresentou dados relevantes de Jundia\u00ed, sendo a 17\u00aa economia do Estado e 7\u00aa do pa\u00eds; tendo se tornado, no ranking do \u00edndice Macroplan, a segunda melhor cidade para se viver no Brasil; contando com 100% de seu esgoto tratado; uma taxa de mortalidade de 7,23 em 2018 e 7,32 em 2019, abaixo da m\u00e9dia brasileira e estadual; e uma nota 7 no Ideb (\u00cdndice de Desenvolvimento da Educa\u00e7\u00e3o B\u00e1sica) de 2019, acima da m\u00e9dia brasileira e estadual.<\/p>\n\n\n\n<p><em>(Texto\/Imagem: Prefeitura de Jundia\u00ed)<\/em><\/p>\n","protected":false},"excerpt":{"rendered":"<p>A convite da institui\u00e7\u00e3o, o prefeito Luiz Fernando Machado explicou o modelo inovador que transformou Jundia\u00ed<\/p>\n","protected":false},"author":28,"featured_media":76498,"comment_status":"closed","ping_status":"closed","sticky":false,"template":"","format":"standard","meta":{"footnotes":""},"categories":[8356,1],"tags":[],"class_list":["post-76496","post","type-post","status-publish","format-standard","has-post-thumbnail","hentry","category-jundiai","category-noticias"],"_links":{"self":[{"href":"https:\/\/tvtecjundiai.com.br\/news\/wp-json\/wp\/v2\/posts\/76496","targetHints":{"allow":["GET"]}}],"collection":[{"href":"https:\/\/tvtecjundiai.com.br\/news\/wp-json\/wp\/v2\/posts"}],"about":[{"href":"https:\/\/tvtecjundiai.com.br\/news\/wp-json\/wp\/v2\/types\/post"}],"author":[{"embeddable":true,"href":"https:\/\/tvtecjundiai.com.br\/news\/wp-json\/wp\/v2\/users\/28"}],"replies":[{"embeddable":true,"href":"https:\/\/tvtecjundiai.com.br\/news\/wp-json\/wp\/v2\/comments?post=76496"}],"version-history":[{"count":1,"href":"https:\/\/tvtecjundiai.com.br\/news\/wp-json\/wp\/v2\/posts\/76496\/revisions"}],"predecessor-version":[{"id":76499,"href":"https:\/\/tvtecjundiai.com.br\/news\/wp-json\/wp\/v2\/posts\/76496\/revisions\/76499"}],"wp:featuredmedia":[{"embeddable":true,"href":"https:\/\/tvtecjundiai.com.br\/news\/wp-json\/wp\/v2\/media\/76498"}],"wp:attachment":[{"href":"https:\/\/tvtecjundiai.com.br\/news\/wp-json\/wp\/v2\/media?parent=76496"}],"wp:term":[{"taxonomy":"category","embeddable":true,"href":"https:\/\/tvtecjundiai.com.br\/news\/wp-json\/wp\/v2\/categories?post=76496"},{"taxonomy":"post_tag","embeddable":true,"href":"https:\/\/tvtecjundiai.com.br\/news\/wp-json\/wp\/v2\/tags?post=76496"}],"curies":[{"name":"wp","href":"https:\/\/api.w.org\/{rel}","templated":true}]}}