{"id":7651,"date":"2018-03-20T09:40:56","date_gmt":"2018-03-20T12:40:56","guid":{"rendered":"https:\/\/tvtecjundiai.com.br\/news\/?p=7651"},"modified":"2018-03-20T09:40:56","modified_gmt":"2018-03-20T12:40:56","slug":"cidades-cursos-do-funss-tem-a-atencao-de-empresarios","status":"publish","type":"post","link":"https:\/\/tvtecjundiai.com.br\/news\/2018\/03\/20\/cidades-cursos-do-funss-tem-a-atencao-de-empresarios\/","title":{"rendered":"Cidades: Cursos do Funss t\u00eam a aten\u00e7\u00e3o de empres\u00e1rios"},"content":{"rendered":"<p>A qualidade das certifica\u00e7\u00f5es e dos cursos que s\u00e3o oferecidos pelo Fundo Social de Solidariedade (Funss) tem chamado a aten\u00e7\u00e3o de empres\u00e1rios da cidade, que buscam a unidade para recrutar novos colaboradores. Assim, os cursos n\u00e3o s\u00e3o procurados apenas para quem deseja se especializar ou busca recoloca\u00e7\u00e3o no mercado de trabalho.<\/p>\n<div id=\"attachment_7652\" style=\"width: 402px\" class=\"wp-caption alignleft\"><a href=\"https:\/\/tvtecjundiai.com.br\/news\/wp-content\/uploads\/sites\/2\/2018\/03\/funss_rosimar_contratacao.jpg\"><img loading=\"lazy\" decoding=\"async\" aria-describedby=\"caption-attachment-7652\" class=\"wp-image-7652\" src=\"https:\/\/tvtecjundiai.com.br\/news\/wp-content\/uploads\/sites\/2\/2018\/03\/funss_rosimar_contratacao-300x200.jpg\" alt=\"\" width=\"392\" height=\"261\" srcset=\"https:\/\/tvtecjundiai.com.br\/news\/wp-content\/uploads\/sites\/2\/2018\/03\/funss_rosimar_contratacao-300x200.jpg 300w, https:\/\/tvtecjundiai.com.br\/news\/wp-content\/uploads\/sites\/2\/2018\/03\/funss_rosimar_contratacao-768x512.jpg 768w, https:\/\/tvtecjundiai.com.br\/news\/wp-content\/uploads\/sites\/2\/2018\/03\/funss_rosimar_contratacao.jpg 1130w\" sizes=\"auto, (max-width: 392px) 100vw, 392px\" \/><\/a><p id=\"caption-attachment-7652\" class=\"wp-caption-text\">Os empreendedores t\u00eam buscado do FUNSS para recrutamento de funcion\u00e1rios<\/p><\/div>\n<p>Marcelo Santos, propriet\u00e1rio de um sal\u00e3o de beleza e est\u00e9tica, no Jardim Samambaia, \u00e9 um deles. H\u00e1 17 anos empreendendo em Jundia\u00ed, contratou duas funcion\u00e1rias a partir das capacita\u00e7\u00f5es gratuitas, uma para trabalhar como manicure e pedicure e outra como assistente de cabeleireiro. \u201cEu costumava anunciar vagas de trabalho em um jornal de grande circula\u00e7\u00e3o na regi\u00e3o e notei que a maioria dos interessados que chegava para as entrevistas havia passado por cursos no Fundo Social. Isso despertou a minha curiosidade, fui conhecer a unidade e me surpreendi. Abri um processo de sele\u00e7\u00e3o e convidei duas turmas. Ap\u00f3s os testes, encontrei as profissionais que buscava\u201d, disse.<\/p>\n<p>Rosimar Aquino \u00c2ngelo, moradora da Vila Rio Branco, foi uma das selecionadas. A mo\u00e7a perdeu o emprego na \u00e1rea de vendas e buscou no curso de Assistente de Cabeleireiro uma oportunidade de transformar a vida profissional. \u201cPor tr\u00eas meses, meu marido assumiu todas as despesas da casa e isso me incomodava um pouco. Quando soube do curso, logo me inscrevi para aprender uma nova profiss\u00e3o. Jamais poderia imaginar um resultado t\u00e3o r\u00e1pido\u201d, contou.<\/p>\n<p><em>(Fonte: Prefeitura de Jundia\u00ed)<\/em><\/p>\n","protected":false},"excerpt":{"rendered":"<p>Duas turmas foram convidadas a participar de um processo seletivo <\/p>\n","protected":false},"author":11,"featured_media":7652,"comment_status":"closed","ping_status":"closed","sticky":false,"template":"","format":"standard","meta":{"footnotes":""},"categories":[1],"tags":[206,258,2561,1374,2562],"class_list":["post-7651","post","type-post","status-publish","format-standard","has-post-thumbnail","hentry","category-noticias","tag-alunos","tag-cursos","tag-especializacao","tag-fundo-social-de-solidariedade-funss","tag-recolocacao-no-mercado"],"_links":{"self":[{"href":"https:\/\/tvtecjundiai.com.br\/news\/wp-json\/wp\/v2\/posts\/7651","targetHints":{"allow":["GET"]}}],"collection":[{"href":"https:\/\/tvtecjundiai.com.br\/news\/wp-json\/wp\/v2\/posts"}],"about":[{"href":"https:\/\/tvtecjundiai.com.br\/news\/wp-json\/wp\/v2\/types\/post"}],"author":[{"embeddable":true,"href":"https:\/\/tvtecjundiai.com.br\/news\/wp-json\/wp\/v2\/users\/11"}],"replies":[{"embeddable":true,"href":"https:\/\/tvtecjundiai.com.br\/news\/wp-json\/wp\/v2\/comments?post=7651"}],"version-history":[{"count":1,"href":"https:\/\/tvtecjundiai.com.br\/news\/wp-json\/wp\/v2\/posts\/7651\/revisions"}],"predecessor-version":[{"id":7653,"href":"https:\/\/tvtecjundiai.com.br\/news\/wp-json\/wp\/v2\/posts\/7651\/revisions\/7653"}],"wp:featuredmedia":[{"embeddable":true,"href":"https:\/\/tvtecjundiai.com.br\/news\/wp-json\/wp\/v2\/media\/7652"}],"wp:attachment":[{"href":"https:\/\/tvtecjundiai.com.br\/news\/wp-json\/wp\/v2\/media?parent=7651"}],"wp:term":[{"taxonomy":"category","embeddable":true,"href":"https:\/\/tvtecjundiai.com.br\/news\/wp-json\/wp\/v2\/categories?post=7651"},{"taxonomy":"post_tag","embeddable":true,"href":"https:\/\/tvtecjundiai.com.br\/news\/wp-json\/wp\/v2\/tags?post=7651"}],"curies":[{"name":"wp","href":"https:\/\/api.w.org\/{rel}","templated":true}]}}