{"id":76527,"date":"2021-05-27T13:39:49","date_gmt":"2021-05-27T16:39:49","guid":{"rendered":"https:\/\/tvtecjundiai.com.br\/news\/?p=76527"},"modified":"2021-05-27T13:39:49","modified_gmt":"2021-05-27T16:39:49","slug":"novo-diretor-presidente-do-hospital-sao-vicente-toma-posse-nesta-sexta-feira-28","status":"publish","type":"post","link":"https:\/\/tvtecjundiai.com.br\/news\/2021\/05\/27\/novo-diretor-presidente-do-hospital-sao-vicente-toma-posse-nesta-sexta-feira-28\/","title":{"rendered":"Novo diretor-presidente do Hospital S\u00e3o Vicente toma posse nesta sexta-feira (28)"},"content":{"rendered":"\n<p>O Hospital de Caridade S\u00e3o Vicente de Paulo (HSV) comunica que nesta sexta-feira, dia 28, \u00e0s 15h, ser\u00e1 realizada a Reuni\u00e3o Extraordin\u00e1ria da Assembleia Geral da institui\u00e7\u00e3o. Conforme determina o vigente Estatuto Social da entidade em seu Artigo 31, o Sr. Serafim F\u00e9lix da Silva Neto, que ocupava a fun\u00e7\u00e3o de vice-diretor, assume o posto de diretor-presidente at\u00e9 o final do atual mandato, que teve in\u00edcio em 2.018 e deve ser conclu\u00eddo em 2.022.<\/p>\n\n\n\n<p>A altera\u00e7\u00e3o se deve ao falecimento do Sr. Antonio Pedro Vendramin, ocorrida no dia 25 deste m\u00eas. A Assembleia ocorrer\u00e1 de forma h\u00edbrida, ou seja, parte do conselho participar\u00e1 presencialmente no Anfiteatro do HSVP, Rua Jorge Zolner, 201, e outra parte de forma on-line,\u00a0 respeitando o distanciamento social diante da pandemia COVID-19.<\/p>\n\n\n\n<p><em>(Texto: Assessoria de Imprensa)<\/em><\/p>\n","protected":false},"excerpt":{"rendered":"<p>Serafim F\u00e9lix da Silva Neto, que ocupava a fun\u00e7\u00e3o de vice-diretor, assume o posto de diretor-presidente<\/p>\n","protected":false},"author":28,"featured_media":49446,"comment_status":"closed","ping_status":"closed","sticky":false,"template":"","format":"standard","meta":{"footnotes":""},"categories":[8356,1],"tags":[],"class_list":["post-76527","post","type-post","status-publish","format-standard","has-post-thumbnail","hentry","category-jundiai","category-noticias"],"_links":{"self":[{"href":"https:\/\/tvtecjundiai.com.br\/news\/wp-json\/wp\/v2\/posts\/76527","targetHints":{"allow":["GET"]}}],"collection":[{"href":"https:\/\/tvtecjundiai.com.br\/news\/wp-json\/wp\/v2\/posts"}],"about":[{"href":"https:\/\/tvtecjundiai.com.br\/news\/wp-json\/wp\/v2\/types\/post"}],"author":[{"embeddable":true,"href":"https:\/\/tvtecjundiai.com.br\/news\/wp-json\/wp\/v2\/users\/28"}],"replies":[{"embeddable":true,"href":"https:\/\/tvtecjundiai.com.br\/news\/wp-json\/wp\/v2\/comments?post=76527"}],"version-history":[{"count":1,"href":"https:\/\/tvtecjundiai.com.br\/news\/wp-json\/wp\/v2\/posts\/76527\/revisions"}],"predecessor-version":[{"id":76528,"href":"https:\/\/tvtecjundiai.com.br\/news\/wp-json\/wp\/v2\/posts\/76527\/revisions\/76528"}],"wp:featuredmedia":[{"embeddable":true,"href":"https:\/\/tvtecjundiai.com.br\/news\/wp-json\/wp\/v2\/media\/49446"}],"wp:attachment":[{"href":"https:\/\/tvtecjundiai.com.br\/news\/wp-json\/wp\/v2\/media?parent=76527"}],"wp:term":[{"taxonomy":"category","embeddable":true,"href":"https:\/\/tvtecjundiai.com.br\/news\/wp-json\/wp\/v2\/categories?post=76527"},{"taxonomy":"post_tag","embeddable":true,"href":"https:\/\/tvtecjundiai.com.br\/news\/wp-json\/wp\/v2\/tags?post=76527"}],"curies":[{"name":"wp","href":"https:\/\/api.w.org\/{rel}","templated":true}]}}