{"id":76531,"date":"2021-05-27T13:58:06","date_gmt":"2021-05-27T16:58:06","guid":{"rendered":"https:\/\/tvtecjundiai.com.br\/news\/?p=76531"},"modified":"2021-05-27T13:58:06","modified_gmt":"2021-05-27T16:58:06","slug":"profissionais-do-hospital-sao-vicente-sao-homenageados-por-paciente","status":"publish","type":"post","link":"https:\/\/tvtecjundiai.com.br\/news\/2021\/05\/27\/profissionais-do-hospital-sao-vicente-sao-homenageados-por-paciente\/","title":{"rendered":"Profissionais do Hospital S\u00e3o Vicente s\u00e3o homenageados por paciente"},"content":{"rendered":"\n<p>No in\u00edcio desta semana, os profissionais da linha de frente no combate \u00e0 COVID-19 do Hospital de Caridade S\u00e3o Vicente de Paulo (HSV) foram homenageados com cartas escritas a m\u00e3o pela paciente Celestina dos Santos Lopes da Silva, 68 anos. Com mensagens de for\u00e7a, coragem e f\u00e9, ela agradeceu aos profissionais do hospital e demonstrou toda sua admira\u00e7\u00e3o, especialmente nestes tempos dif\u00edceis. Ela relata que ficou internada na institui\u00e7\u00e3o por duas vezes e sempre teve uma \u00f3tima assist\u00eancia. Inicialmente, ela escreveu 12 cartinhas que foram entregues a profissionais de v\u00e1rios setores do hospital.<\/p>\n\n\n\n<p>Celestina conta que precisou do HSV e se surpreendeu com a assist\u00eancia humanizada dada pela equipe. \u201cAgrade\u00e7o aos profissionais do hospital pelo carinho e por todo cuidado que tiveram comigo em ambas as interna\u00e7\u00f5es, e como forma de agradecimento, me senti na obriga\u00e7\u00e3o de demonstrar de algum modo a import\u00e2ncia do trabalho realizado por eles. Por enquanto entreguei poucas cartas comparada ao n\u00famero de enfermeiros e m\u00e9dicos do hospital, mas pretendo escrever muito mais, para que todos possam recebe-las. \u00c9 uma forma de demonstrar com sinceridade a minha admira\u00e7\u00e3o e carinho. Todos merecem ser homenageados no intuito de levar for\u00e7as a esses profissionais que vem se dedicando e se esfor\u00e7ando todos os dias, com muita coragem e paci\u00eancia\u201d.<\/p>\n\n\n\n<figure class=\"wp-block-image size-large\"><img loading=\"lazy\" decoding=\"async\" width=\"1200\" height=\"900\" src=\"https:\/\/tvtecjundiai.com.br\/news\/wp-content\/uploads\/sites\/2\/2021\/05\/20210524_130426-1200x900.jpg\" alt=\"\" class=\"wp-image-76533\" srcset=\"https:\/\/tvtecjundiai.com.br\/news\/wp-content\/uploads\/sites\/2\/2021\/05\/20210524_130426-1200x900.jpg 1200w, https:\/\/tvtecjundiai.com.br\/news\/wp-content\/uploads\/sites\/2\/2021\/05\/20210524_130426-300x225.jpg 300w, https:\/\/tvtecjundiai.com.br\/news\/wp-content\/uploads\/sites\/2\/2021\/05\/20210524_130426-768x576.jpg 768w, https:\/\/tvtecjundiai.com.br\/news\/wp-content\/uploads\/sites\/2\/2021\/05\/20210524_130426.jpg 1280w\" sizes=\"auto, (max-width: 1200px) 100vw, 1200px\" \/><figcaption>A paciente Celestina dos Santos Lopes da Silva, 68 anos, escreveu cartas aos profissionais do HSV<\/figcaption><\/figure>\n\n\n\n<p>A enfermeira Patricia Spinassi foi uma das colaboradoras a receber a carta e compartilha a import\u00e2ncia deste gesto para com todos que est\u00e3o batalhando diariamente na linha de frente. \u201cFalo em nome de todos que receberam a cartinha e daqueles que ainda ser\u00e3o homenageados, nosso sentimento \u00e9 de gratid\u00e3o! Tudo que fazemos com empenho, carinho e amor \u00e9 recompensado. S\u00e3o palavras de carinho e conforto, e principalmente neste momento que nos encontramos, s\u00e3o palavras assim que nos fortalecem e nos mant\u00e9m em p\u00e9\u201d. Patricia ainda conta que trabalha h\u00e1 oito anos na institui\u00e7\u00e3o e j\u00e1 recebeu em diversas ocasi\u00f5es demonstra\u00e7\u00f5es de gratid\u00e3o como a da dona Celestina, por\u00e9m a cada carta a emo\u00e7\u00e3o \u00e9 diferente e especial.<\/p>\n\n\n\n<p>\u201cGostaria de compartilhar tamb\u00e9m a experi\u00eancia que tive mais uma vez na institui\u00e7\u00e3o, onde meu marido esteve internado com c\u00e2ncer terminal e acompanhei a interna\u00e7\u00e3o dele no S\u00e3o Vicente. Quando ele veio a falecer me recordo em ter sido acolhida pela equipe de enfermeiros e m\u00e9dicos, todos estiveram ao meu lado no momento, disponibilizando total aux\u00edlio e conforto\u201d, finaliza Celestina com muita gratid\u00e3o.<\/p>\n\n\n\n<figure class=\"wp-block-image size-large\"><img loading=\"lazy\" decoding=\"async\" width=\"1200\" height=\"900\" src=\"https:\/\/tvtecjundiai.com.br\/news\/wp-content\/uploads\/sites\/2\/2021\/05\/Cartas-feita-por-paciente-sao-entregues-a-profissionais-da-saude-1-1200x900.jpg\" alt=\"\" class=\"wp-image-76534\" srcset=\"https:\/\/tvtecjundiai.com.br\/news\/wp-content\/uploads\/sites\/2\/2021\/05\/Cartas-feita-por-paciente-sao-entregues-a-profissionais-da-saude-1-1200x900.jpg 1200w, https:\/\/tvtecjundiai.com.br\/news\/wp-content\/uploads\/sites\/2\/2021\/05\/Cartas-feita-por-paciente-sao-entregues-a-profissionais-da-saude-1-300x225.jpg 300w, https:\/\/tvtecjundiai.com.br\/news\/wp-content\/uploads\/sites\/2\/2021\/05\/Cartas-feita-por-paciente-sao-entregues-a-profissionais-da-saude-1-768x576.jpg 768w, https:\/\/tvtecjundiai.com.br\/news\/wp-content\/uploads\/sites\/2\/2021\/05\/Cartas-feita-por-paciente-sao-entregues-a-profissionais-da-saude-1.jpg 1280w\" sizes=\"auto, (max-width: 1200px) 100vw, 1200px\" \/><figcaption>Mensagens de paciente aos profissionais eram de for\u00e7a, coragem e f\u00e9<\/figcaption><\/figure>\n\n\n\n<p><em>(Texto\/Imagem: Assessoria de Imprensa)<\/em><\/p>\n","protected":false},"excerpt":{"rendered":"<p>A paciente Celestina dos Santos Lopes da Silva, 68 anos, escreveu cartas aos profissionais do HSV<\/p>\n","protected":false},"author":28,"featured_media":76532,"comment_status":"closed","ping_status":"closed","sticky":false,"template":"","format":"standard","meta":{"footnotes":""},"categories":[8356,1],"tags":[],"class_list":["post-76531","post","type-post","status-publish","format-standard","has-post-thumbnail","hentry","category-jundiai","category-noticias"],"_links":{"self":[{"href":"https:\/\/tvtecjundiai.com.br\/news\/wp-json\/wp\/v2\/posts\/76531","targetHints":{"allow":["GET"]}}],"collection":[{"href":"https:\/\/tvtecjundiai.com.br\/news\/wp-json\/wp\/v2\/posts"}],"about":[{"href":"https:\/\/tvtecjundiai.com.br\/news\/wp-json\/wp\/v2\/types\/post"}],"author":[{"embeddable":true,"href":"https:\/\/tvtecjundiai.com.br\/news\/wp-json\/wp\/v2\/users\/28"}],"replies":[{"embeddable":true,"href":"https:\/\/tvtecjundiai.com.br\/news\/wp-json\/wp\/v2\/comments?post=76531"}],"version-history":[{"count":1,"href":"https:\/\/tvtecjundiai.com.br\/news\/wp-json\/wp\/v2\/posts\/76531\/revisions"}],"predecessor-version":[{"id":76535,"href":"https:\/\/tvtecjundiai.com.br\/news\/wp-json\/wp\/v2\/posts\/76531\/revisions\/76535"}],"wp:featuredmedia":[{"embeddable":true,"href":"https:\/\/tvtecjundiai.com.br\/news\/wp-json\/wp\/v2\/media\/76532"}],"wp:attachment":[{"href":"https:\/\/tvtecjundiai.com.br\/news\/wp-json\/wp\/v2\/media?parent=76531"}],"wp:term":[{"taxonomy":"category","embeddable":true,"href":"https:\/\/tvtecjundiai.com.br\/news\/wp-json\/wp\/v2\/categories?post=76531"},{"taxonomy":"post_tag","embeddable":true,"href":"https:\/\/tvtecjundiai.com.br\/news\/wp-json\/wp\/v2\/tags?post=76531"}],"curies":[{"name":"wp","href":"https:\/\/api.w.org\/{rel}","templated":true}]}}